{"id":4963,"date":"2018-04-22T18:00:00","date_gmt":"2018-04-22T16:00:00","guid":{"rendered":"https:\/\/bsrz.ch\/website\/?p=4963"},"modified":"2019-01-04T14:20:58","modified_gmt":"2019-01-04T13:20:58","slug":"abendbummel-vom-freitag-20-april-2018","status":"publish","type":"post","link":"https:\/\/www.bsrz.ch\/website\/2018\/04\/22\/abendbummel-vom-freitag-20-april-2018\/","title":{"rendered":"Abendbummel vom Freitag, 20. April 2018"},"content":{"rendered":"\n<p class=\"wp-block-paragraph\">Bereits  die fr\u00fchsommerlichen Temperaturen der Tage vor dem Bummel versprachen  einen wundersch\u00f6nen Freitag. So war es auch. Die Temperaturen stiegen  gegen 27 Grad, was den Wirt von \u201eHaeberlis\u201c dazu veranlasste, mich  anzurufen, um zu fragen, ob wir draussen sitzen m\u00f6chten f\u00fcrs Nachtessen.  Nach kurzem Abkl\u00e4ren sagten wir zu, was wir nicht bereuten. <\/p>\n\n\n\n<p class=\"wp-block-paragraph\">Am <strong>Treffpunkt um 18.00 Uhr<\/strong> beim Parkplatz Geisshubel in Zollikofen fanden sich also rechtzeitig 17 gut gelaunte, von Vorfreude erf\u00fcllte&#8230;<br>&#8230;Teilnehmerinnen und Teilnehmer ein. Diese doch tolle Anzahl ist erfreulich und zeigt das Interesse an diesem Anlass.<\/p>\n\n\n\n<p class=\"wp-block-paragraph\">Nach  der Begr\u00fcssung ging es fr\u00f6hlich plaudernd los zuerst in Richtung  Kirchlindach. Herrlich bei dem sch\u00f6nen Wetter, vergessen die K\u00e4lte beim  Rekognoszieren\u2026<br>\u2026Vorbei an bl\u00fchenden Hecken, Weiden mit K\u00fchen, bereits saftig gr\u00fcnen Wiesen und Sommerduft in der Abendluft. <\/p>\n\n\n\n<p class=\"wp-block-paragraph\">In  Kirchlindach stand da einladend eine Bank unter einem  schattenspendenden Baum. Obwohl noch nicht lange unterwegs beschlossen  wir, es uns gerade hier gem\u00fctlich zu machen und den mitgebrachten  Aperitif aus den Rucks\u00e4cken hervorzuzaubern. Oliven, Chips und Prosecco  und Orangensaft (leider kein Bier\u2026.) wurden vom OK offeriert. L\u00e4nger als  \u00fcblich verbrachten wir Zeit an diesem lauschigen Pl\u00e4tzchen. Kein  Wunder, stimmte doch alles, Temperatur, Sitzgelegenheiten, Gespr\u00e4che.  Einfach gem\u00fctlich, so gem\u00fctlich, dass wir fast die Zeit vergassen. Wir  wurden ja im Restaurant in M\u00fcnchenbuchsee um 19.30 erwartet. Es wurde  zum Aufbruch gemahnt. Weiter ging es Richtung Diemerswil. Kurz legten  wir noch einen Grusshalt bei Nicole, der Tochter von Elisabeth und Ernst  Gerber, ein, da der Weg an ihrem Haus vorbeif\u00fchrte. Noch lag der  gr\u00f6ssere Teil der Wegstrecke vor uns. Diesen genossen wir sehr. Dann  erblickten wir in der Ferne den Turm der Kirche M\u00fcnchenbuchsee und  wussten, es ist nicht mehr so weit. mit etwas Versp\u00e4tung erreichten wir  das Restaurant \u201eH\u00e4berlis\u201c, wo der Wirt mit h\u00fcbsch aufgedeckten Tischen  auf uns wartete und uns Willkommen hiess. Alle hatten Appetit und  freuten sich auf ein feines Nachtessen und &#8230; endlich, ein Bier.<\/p>\n\n\n\n<p class=\"wp-block-paragraph\">Kinderteller\n f\u00fcr Alain und Jo\u00eblle waren ebenso auf der Karte wie auch Kutteln, \nwelche von zwei Feinschmeckern tats\u00e4chlich geordert wurden. Bei sch\u00f6nen \nGespr\u00e4chen, einigen Glace und Vermicelles sowie Kaffee liessen wir den \nAbend ausklingen. Uns stand ja noch der Heimweg bevor, den wir mit \nTaschenlampen ausger\u00fcstet um etwa 22.00 Richtung Zollikofen antraten. \nDieser f\u00fchrte \u00fcbers Hirzenfeld und dauerte bei k\u00fchler werdenden \nTemperaturen (die mitgebrachten J\u00f6ppeli kamen also noch zum Einsatz) \netwa 55 Minuten. Patrick und Ursula verabschiedeten wir bereits in \nM\u00fcnchenbuchsee, da die beiden den Zug nach Bern erreichen wollten. Andr\u00e9\n bestieg sein Velo und weg.&nbsp;\nWir\n freuen uns schon wieder auf den n\u00e4chsten Abendbummel und hoffen, viele \nauch an anderen Aktivit\u00e4ten rund ums H\u00f6reli wiederzusehen. <\/p>\n\n\n\n<p class=\"wp-block-paragraph\">Beatrice Kull, Markus Reber und Franziska Reber <\/p>\n\n\n\n<p class=\"wp-block-paragraph\">Text und Fotos: Beatrice Kull <\/p>\n","protected":false},"excerpt":{"rendered":"<p>Bereits die fr\u00fchsommerlichen Temperaturen der Tage vor dem Bummel versprachen einen wundersch\u00f6nen Freitag. So war es auch. Die Temperaturen stiegen gegen 27 Grad, was den Wirt von \u201eHaeberlis\u201c dazu veranlasste, &#8230; <a title=\"Abendbummel vom Freitag, 20. April 2018\" class=\"read-more\" href=\"https:\/\/www.bsrz.ch\/website\/2018\/04\/22\/abendbummel-vom-freitag-20-april-2018\/\" aria-label=\"Mehr Informationen \u00fcber Abendbummel vom Freitag, 20. April 2018\">Weiterlesen<\/a><\/p>\n","protected":false},"author":1,"featured_media":0,"comment_status":"closed","ping_status":"closed","sticky":false,"template":"","format":"standard","meta":{"ngg_post_thumbnail":0,"_EventAllDay":false,"_EventTimezone":"","_EventStartDate":"","_EventEndDate":"","_EventStartDateUTC":"","_EventEndDateUTC":"","_EventShowMap":false,"_EventShowMapLink":false,"_EventURL":"","_EventCost":"","_EventCostDescription":"","_EventCurrencySymbol":"","_EventCurrencyCode":"","_EventCurrencyPosition":"","_EventDateTimeSeparator":"","_EventTimeRangeSeparator":"","_EventOrganizerID":[],"_EventVenueID":[],"_OrganizerEmail":"","_OrganizerPhone":"","_OrganizerWebsite":"","_VenueAddress":"","_VenueCity":"","_VenueCountry":"","_VenueProvince":"","_VenueState":"","_VenueZip":"","_VenuePhone":"","_VenueURL":"","_VenueStateProvince":"","_VenueLat":"","_VenueLng":"","_VenueShowMap":false,"_VenueShowMapLink":false,"footnotes":""},"categories":[79],"tags":[77],"class_list":["post-4963","post","type-post","status-publish","format-standard","hentry","category-berichte-2018","tag-abendbummel"],"_links":{"self":[{"href":"https:\/\/www.bsrz.ch\/website\/wp-json\/wp\/v2\/posts\/4963","targetHints":{"allow":["GET"]}}],"collection":[{"href":"https:\/\/www.bsrz.ch\/website\/wp-json\/wp\/v2\/posts"}],"about":[{"href":"https:\/\/www.bsrz.ch\/website\/wp-json\/wp\/v2\/types\/post"}],"author":[{"embeddable":true,"href":"https:\/\/www.bsrz.ch\/website\/wp-json\/wp\/v2\/users\/1"}],"replies":[{"embeddable":true,"href":"https:\/\/www.bsrz.ch\/website\/wp-json\/wp\/v2\/comments?post=4963"}],"version-history":[{"count":2,"href":"https:\/\/www.bsrz.ch\/website\/wp-json\/wp\/v2\/posts\/4963\/revisions"}],"predecessor-version":[{"id":4966,"href":"https:\/\/www.bsrz.ch\/website\/wp-json\/wp\/v2\/posts\/4963\/revisions\/4966"}],"wp:attachment":[{"href":"https:\/\/www.bsrz.ch\/website\/wp-json\/wp\/v2\/media?parent=4963"}],"wp:term":[{"taxonomy":"category","embeddable":true,"href":"https:\/\/www.bsrz.ch\/website\/wp-json\/wp\/v2\/categories?post=4963"},{"taxonomy":"post_tag","embeddable":true,"href":"https:\/\/www.bsrz.ch\/website\/wp-json\/wp\/v2\/tags?post=4963"}],"curies":[{"name":"wp","href":"https:\/\/api.w.org\/{rel}","templated":true}]}}