{"id":5228,"date":"2018-10-07T18:00:27","date_gmt":"2018-10-07T16:00:27","guid":{"rendered":"https:\/\/bsrz.ch\/website\/?p=5228"},"modified":"2019-02-06T19:09:45","modified_gmt":"2019-02-06T18:09:45","slug":"bergwanderung-wildgaerst-30-september-2018","status":"publish","type":"post","link":"https:\/\/www.bsrz.ch\/website\/2018\/10\/07\/bergwanderung-wildgaerst-30-september-2018\/","title":{"rendered":"Bergwanderung Wildg\u00e4rst 30. September 2018"},"content":{"rendered":"\n<p class=\"wp-block-paragraph\">Bevor  wir zu Fuss starten konnten, brachte uns der \u00f6ffentliche Verkehr an  unseren Ausgangspunkt auf der grossen Scheidegg. Auf dem weiss-rot-weiss  markierten Wanderweg ging es \u00fcber Stock und Stein bergauf. Steinm\u00e4nner  und unz\u00e4hlige Zeichen \u2013 verloren gehen war schwierig \u2013 wiesen uns den  Weg. Unser Weg f\u00fchrte zuerst durch ein Tal auf eine schuttige Ebene,  anschliessend weiter zum Sattel zwischen Wildg\u00e4rst und Schwarzhorn. Im  Schatten des Schwarzhorns fanden wir sogar noch Schnee vom letzten Jahr.<\/p>\n\n\n\n<p class=\"wp-block-paragraph\">Nach einer kleinen St\u00e4rkung auf dem Sattel wanderten wir weiter auf den  Gipfel des Wildg\u00e4rst. Ab diesem Zeitpunkt schlug das Wetter um und es  zogen Wolken vor die Sonne. Dazu kam ein k\u00fchler Wind, welcher uns auf  dem Gipfel auch schnell wieder zum Abstieg bewegte. Unsere Mittagspause  machten wir windgesch\u00fctzt unter dem Gipfel.<\/p>\n\n\n\n<p class=\"wp-block-paragraph\">Gest\u00e4rkt machten wir uns auf den Weg zur\u00fcck zum Sattel und von dort aus  zur First. Unser geplanter Weg f\u00fchrte uns vom Wildg\u00e4rst via Bachalpsee  zur First. Nach kurzer Zeit kamen wir zur Abzweigung zum Klettersteig  des Schwarzhorns. Dank rollender Planung entschieden wir uns dort f\u00fcr  den direkten Weg via Grossi Chrinne zur\u00fcck zur First. Es folgte eine  kurze Kraxel-Partie auf dem weiss-blau-weissen Weg und der  anschliessende Abstieg zur Bergstation.<\/p>\n\n\n\n<p class=\"wp-block-paragraph\">Bei  der Bergstation genehmigten wir uns eine Erfrischung und beobachteten  die (meist asiatischen) Touristengruppen, bevor wir mit der Bahn wieder  nach Grindelwald fuhren. <\/p>\n\n\n\n<p class=\"wp-block-paragraph\">Teilnehmende: Simon Althaus, Yannik K\u00fcbli, Simon Krenger, Susanne Badertscher<\/p>\n\n\n\n<p class=\"wp-block-paragraph\">Text: Susanne Badertscher<br>Fotos: Yannik K\u00fcbli <\/p>\n\n\n\nngg_shortcode_0_placeholder\n","protected":false},"excerpt":{"rendered":"<p>Bevor wir zu Fuss starten konnten, brachte uns der \u00f6ffentliche Verkehr an unseren Ausgangspunkt auf der grossen Scheidegg. Auf dem weiss-rot-weiss markierten Wanderweg ging es \u00fcber Stock und Stein bergauf. &#8230; <a title=\"Bergwanderung Wildg\u00e4rst 30. September 2018\" class=\"read-more\" href=\"https:\/\/www.bsrz.ch\/website\/2018\/10\/07\/bergwanderung-wildgaerst-30-september-2018\/\" aria-label=\"Mehr Informationen \u00fcber Bergwanderung Wildg\u00e4rst 30. September 2018\">Weiterlesen<\/a><\/p>\n","protected":false},"author":1,"featured_media":5251,"comment_status":"closed","ping_status":"closed","sticky":false,"template":"","format":"standard","meta":{"ngg_post_thumbnail":0,"_EventAllDay":false,"_EventTimezone":"","_EventStartDate":"","_EventEndDate":"","_EventStartDateUTC":"","_EventEndDateUTC":"","_EventShowMap":false,"_EventShowMapLink":false,"_EventURL":"","_EventCost":"","_EventCostDescription":"","_EventCurrencySymbol":"","_EventCurrencyCode":"","_EventCurrencyPosition":"","_EventDateTimeSeparator":"","_EventTimeRangeSeparator":"","_EventOrganizerID":[],"_EventVenueID":[],"_OrganizerEmail":"","_OrganizerPhone":"","_OrganizerWebsite":"","_VenueAddress":"","_VenueCity":"","_VenueCountry":"","_VenueProvince":"","_VenueState":"","_VenueZip":"","_VenuePhone":"","_VenueURL":"","_VenueStateProvince":"","_VenueLat":"","_VenueLng":"","_VenueShowMap":false,"_VenueShowMapLink":false,"footnotes":""},"categories":[79],"tags":[80],"class_list":["post-5228","post","type-post","status-publish","format-standard","has-post-thumbnail","hentry","category-berichte-2018","tag-wanderung"],"_links":{"self":[{"href":"https:\/\/www.bsrz.ch\/website\/wp-json\/wp\/v2\/posts\/5228","targetHints":{"allow":["GET"]}}],"collection":[{"href":"https:\/\/www.bsrz.ch\/website\/wp-json\/wp\/v2\/posts"}],"about":[{"href":"https:\/\/www.bsrz.ch\/website\/wp-json\/wp\/v2\/types\/post"}],"author":[{"embeddable":true,"href":"https:\/\/www.bsrz.ch\/website\/wp-json\/wp\/v2\/users\/1"}],"replies":[{"embeddable":true,"href":"https:\/\/www.bsrz.ch\/website\/wp-json\/wp\/v2\/comments?post=5228"}],"version-history":[{"count":6,"href":"https:\/\/www.bsrz.ch\/website\/wp-json\/wp\/v2\/posts\/5228\/revisions"}],"predecessor-version":[{"id":5533,"href":"https:\/\/www.bsrz.ch\/website\/wp-json\/wp\/v2\/posts\/5228\/revisions\/5533"}],"wp:featuredmedia":[{"embeddable":true,"href":"https:\/\/www.bsrz.ch\/website\/wp-json\/wp\/v2\/media\/5251"}],"wp:attachment":[{"href":"https:\/\/www.bsrz.ch\/website\/wp-json\/wp\/v2\/media?parent=5228"}],"wp:term":[{"taxonomy":"category","embeddable":true,"href":"https:\/\/www.bsrz.ch\/website\/wp-json\/wp\/v2\/categories?post=5228"},{"taxonomy":"post_tag","embeddable":true,"href":"https:\/\/www.bsrz.ch\/website\/wp-json\/wp\/v2\/tags?post=5228"}],"curies":[{"name":"wp","href":"https:\/\/api.w.org\/{rel}","templated":true}]}}