{"id":5693,"date":"2019-03-06T15:29:55","date_gmt":"2019-03-06T14:29:55","guid":{"rendered":"https:\/\/www.bsrz.ch\/website\/?p=5693"},"modified":"2019-03-06T15:40:46","modified_gmt":"2019-03-06T14:40:46","slug":"skitourenwochenende-im-aostatal-02-03-maerz-2019","status":"publish","type":"post","link":"https:\/\/www.bsrz.ch\/website\/2019\/03\/06\/skitourenwochenende-im-aostatal-02-03-maerz-2019\/","title":{"rendered":"Skitourenwochenende im Aostatal 02. &#8211; 03. M\u00e4rz 2019"},"content":{"rendered":"<p>Mit zwei Autos fuhren wir am Samstagmorgen s\u00fcdw\u00e4rts in Richtung Aostatal. Das Wetter zeigte sich noch nicht von der sch\u00f6nsten Seite. Nach der Fahrt durch den Tunnel des Gr. St. Bernhard fanden wir beim Skigebiet Crevacol nicht mehr allzu viel Schnee vor. Da die Sonne noch nicht schien, konnte auch kein Sonnenbad auf dem vergebens mitgenommenen Badetuch gemacht werden. Trotz den schneearmen Aussichten l\u00f6sten wir ein Ticket bis zur Bergstation. Und die zwei Sessellifte brachten uns auf den Gipfel. Mit den Fellen ging es von der Bergstation zur T\u00eate de Crevacol. Es zog uns da schon ab und zu kr\u00e4ftig um die Ohren. Eine steile Abfahrt brachte uns in ein Tal, von wo wir erneut aufstiegen. Auch w\u00e4hrend dieses Aufstiegs zog es und uns wurde ein windstiller Pass versprochen. Der Pass war alles andere als windstill, daf\u00fcr konnten wir beinahe bis zum Auto durch den Schnee abfahren. Wer h\u00e4tte das am Morgen gedacht?<\/p>\n\n\n<p class=\"wp-block-paragraph\">In Etroubles haben wir gen\u00e4chtigt und bereits am Abend zogen die restlichen Wolken ab und wir konnten die Sterne sehen. Nach dem lokalen Bier, dem Wein aus dem Tal und dem feinen Nachtessen konnten wir nach dem windigen Tag und der Abfahrt alle gut schlafen.<br>Nach dem italienischen Fr\u00fchst\u00fcck ging es wieder los. Diesmal starteten wir auf der gegen\u00fcberliegenden Talseite. Bereits auf dem Parkplatz sahen wir, dass wir nicht die einzigen waren, die in Richtung Mont de Flassin unterwegs waren. Die ersten Meter waren noch recht eisig, aber je h\u00f6her wir stiegen, desto mehr, wenn auch windgepackter, Schnee erwartete uns. Der Wind begleitete uns auch am heutigen Tag wieder. Daf\u00fcr wurden wir mit reichlich Sonnenschein belohnt. Auf dem Gipfel des Mont de Flassin waren wir trotz den Massen alleine und auch f\u00fcr die Abfahrt fanden sich einsamere und sogar pulvrige H\u00e4nge. Mit einem Pl\u00e4ttli liessen wir das Wochenende im Aostatal ausklingen, bevor wir wieder in Richtung Heimat fuhren. <\/p>\n\n\n\n<p class=\"wp-block-paragraph\">Fazit: Wenn B\u00e4rni Schnee verspricht, hats auch Schnee. Seine Windprognose ist jedoch mit Vorsicht zu geniessen. Die Contenance haben wir (meistens) behalten und es l\u00e4sst sich auch mit zwei linken Skis abfahren. <\/p>\n\n\n\n<p class=\"wp-block-paragraph\">Teilnehmer: B\u00e4rni, Simon A., Yannik, Pesche, Simon K. und Susanne <\/p>\n\n\n\n<p class=\"wp-block-paragraph\">Text: Susanne<br>Fotos: Yannik <\/p>\n\n\n\nngg_shortcode_0_placeholder\n","protected":false},"excerpt":{"rendered":"<p>Mit zwei Autos fuhren wir am Samstagmorgen s\u00fcdw\u00e4rts in Richtung Aostatal. Das Wetter zeigte sich noch nicht von der sch\u00f6nsten Seite. Nach der Fahrt durch den Tunnel des Gr. St. &#8230; <a title=\"Skitourenwochenende im Aostatal 02. &#8211; 03. M\u00e4rz 2019\" class=\"read-more\" href=\"https:\/\/www.bsrz.ch\/website\/2019\/03\/06\/skitourenwochenende-im-aostatal-02-03-maerz-2019\/\" aria-label=\"Mehr Informationen \u00fcber Skitourenwochenende im Aostatal 02. &#8211; 03. M\u00e4rz 2019\">Weiterlesen<\/a><\/p>\n","protected":false},"author":1,"featured_media":5659,"comment_status":"closed","ping_status":"closed","sticky":false,"template":"","format":"standard","meta":{"ngg_post_thumbnail":0,"_EventAllDay":false,"_EventTimezone":"","_EventStartDate":"","_EventEndDate":"","_EventStartDateUTC":"","_EventEndDateUTC":"","_EventShowMap":false,"_EventShowMapLink":false,"_EventURL":"","_EventCost":"","_EventCostDescription":"","_EventCurrencySymbol":"","_EventCurrencyCode":"","_EventCurrencyPosition":"","_EventDateTimeSeparator":"","_EventTimeRangeSeparator":"","_EventOrganizerID":[],"_EventVenueID":[],"_OrganizerEmail":"","_OrganizerPhone":"","_OrganizerWebsite":"","_VenueAddress":"","_VenueCity":"","_VenueCountry":"","_VenueProvince":"","_VenueState":"","_VenueZip":"","_VenuePhone":"","_VenueURL":"","_VenueStateProvince":"","_VenueLat":"","_VenueLng":"","_VenueShowMap":false,"_VenueShowMapLink":false,"footnotes":""},"categories":[84],"tags":[72],"class_list":["post-5693","post","type-post","status-publish","format-standard","has-post-thumbnail","hentry","category-berichte-2019","tag-skitour"],"_links":{"self":[{"href":"https:\/\/www.bsrz.ch\/website\/wp-json\/wp\/v2\/posts\/5693","targetHints":{"allow":["GET"]}}],"collection":[{"href":"https:\/\/www.bsrz.ch\/website\/wp-json\/wp\/v2\/posts"}],"about":[{"href":"https:\/\/www.bsrz.ch\/website\/wp-json\/wp\/v2\/types\/post"}],"author":[{"embeddable":true,"href":"https:\/\/www.bsrz.ch\/website\/wp-json\/wp\/v2\/users\/1"}],"replies":[{"embeddable":true,"href":"https:\/\/www.bsrz.ch\/website\/wp-json\/wp\/v2\/comments?post=5693"}],"version-history":[{"count":4,"href":"https:\/\/www.bsrz.ch\/website\/wp-json\/wp\/v2\/posts\/5693\/revisions"}],"predecessor-version":[{"id":5698,"href":"https:\/\/www.bsrz.ch\/website\/wp-json\/wp\/v2\/posts\/5693\/revisions\/5698"}],"wp:featuredmedia":[{"embeddable":true,"href":"https:\/\/www.bsrz.ch\/website\/wp-json\/wp\/v2\/media\/5659"}],"wp:attachment":[{"href":"https:\/\/www.bsrz.ch\/website\/wp-json\/wp\/v2\/media?parent=5693"}],"wp:term":[{"taxonomy":"category","embeddable":true,"href":"https:\/\/www.bsrz.ch\/website\/wp-json\/wp\/v2\/categories?post=5693"},{"taxonomy":"post_tag","embeddable":true,"href":"https:\/\/www.bsrz.ch\/website\/wp-json\/wp\/v2\/tags?post=5693"}],"curies":[{"name":"wp","href":"https:\/\/api.w.org\/{rel}","templated":true}]}}