{"id":5767,"date":"2019-05-08T20:36:29","date_gmt":"2019-05-08T18:36:29","guid":{"rendered":"https:\/\/www.bsrz.ch\/website\/?p=5767"},"modified":"2019-08-25T21:55:17","modified_gmt":"2019-08-25T19:55:17","slug":"abendbummel-vom-freitag-26-april-2019","status":"publish","type":"post","link":"https:\/\/www.bsrz.ch\/website\/2019\/05\/08\/abendbummel-vom-freitag-26-april-2019\/","title":{"rendered":"Abendbummel vom Freitag, 26. April 2019"},"content":{"rendered":"\n<p class=\"wp-block-paragraph\">&#8222;<strong>B\u00fchlikofenbummel<\/strong>&#8222;<\/p>\n\n\n\n<p class=\"wp-block-paragraph\">Freitagmorgen, kalt, regnerisch.<\/p>\n\n\n\n<p class=\"wp-block-paragraph\">Doch gegen Abend verzogen sich die Wolken, der Regen h\u00f6rte auf. Aber es blieb k\u00fchl.<\/p>\n\n\n\n<p class=\"wp-block-paragraph\">Am Treffpunkt um 18.00 Uhr beim Parkplatz Geisshubel in Zollikofen fanden sich also rechtzeitig 9 gut gelaunte Teilnehmerinnen und Teilnehmer ein. Ursula Happel hat leider abgesagt.<\/p>\n\n\n\n<p class=\"wp-block-paragraph\">Nach der Begr\u00fcssung ging es los auf verschlungenen Wegen zum Buchrain, dann diesen runter. Weiter auf der steilen Strasse Richtung B\u00fchlikofen. Das war aber noch nicht das Ziel. \u00dcber Feldwege und Wiesen erreichten wir nach einem weiteren kurzen Anstieg &#8211; der uns auch warmhielt &#8211; den Waldrand. Auch heuer stand hier wieder eine Bank bereit, wie f\u00fcr uns gemacht. Genau der richtige Ort, um es uns gerade hier gem\u00fctlich zu machen und den mitgebrachten Aperitif aus den Rucks\u00e4cken hervorzuzaubern. Chips und Prosecco und Orangensaft (dieses Jahr auch Bier\u2026.) wurden vom OK offeriert.<\/p>\n\n\n\n<p class=\"wp-block-paragraph\">Das \u201eAper\u00f6len\u201c war lustig, und obwohl k\u00fchl, standen wir einige Zeit am Waldrand, schwatzten, spassten, lachten und konnten sogar noch die Aussicht auf die Voralpen geniessen. Dann wurde zusammengepackt und wir wanderten weiter zum Weiler B\u00fchlikofen, der zu Zollikofen geh\u00f6rt und erstmals im Jahre 1300 erw\u00e4hnt wurde. Interessierte finden sicher mehr Informationen unter Weiler B\u00fchlikofen. Die weidenden K\u00fche waren zutraulich und die H\u00fchner pickten in ihrem Gehege nach K\u00f6rnern. Die wenigen H\u00e4user und das Gut lagen im wechselhaften Abendlicht vor uns. Es wurden wundersch\u00f6ne Pusteblumenfotos gemacht (Esther Burri und Beatrice). Ruhig wars und friedlich\u2026\u2026\u2026.Ich war aber gespannt, wann die Appenzeller-H\u00fcndin angerannt kommt (denn ich wusste, die kommt! Ich habe es schon einige Male bei Spazierg\u00e4ngen erlebt). Denn die kommt immer und versucht &#8211; sicher oft auch mit Erfolg &#8211; Wanderer zu verjagen.<\/p>\n\n\n\n<p class=\"wp-block-paragraph\">Dann Gebell, und knurrend kam sie uns entgegengeprescht. Aber wir f\u00fcrchteten uns nicht vor ihr. Die Halterin kam das Tier dann beschwichtigen, denn das war n\u00f6tig, hatte die H\u00fcndin doch einen Wurf mit 7 Welpen. Die galt es zu verteidigen. Sie liess uns die Kleinen dann aber bewundern. Was waren die niedlich. Rund, kugelig, verspielt und auf noch wackligen kurzen Beinchen tobten sie in ihrer Kinderstube rum.<\/p>\n\n\n\n<p class=\"wp-block-paragraph\">Nach diesem sch\u00f6nen Erlebnis wanderten wir weiter zum Restaurant \u201ezur Frohen Aussicht\u201c in Zollikofen. Um 20.00 Uhr erwartete uns der Wirt, Herr Pungillo. Das Restaurant hat einen wundersch\u00f6nen schattigen Garten, den wir aber leider wegen der k\u00fchlen Temperaturen nicht geniessen konnten. Drinnen war aber nett aufgedeckt, die vorbestellten Essen waren bald serviert. Wir hatten Appetit und genossen das fr\u00f6hliche Beisammensein bei sch\u00f6nen Gespr\u00e4chen, schlossen mit Dessert und Kaffee und ich sah auch einen Grappa auf dem Tisch &#8211; den gelungenen Anlass ab. Wir traten den Heimweg an.<\/p>\n\n\n\n<p class=\"wp-block-paragraph\">Wir freuen uns schon wieder auf den n\u00e4chsten Abendbummel (wo gerne einige mehr mitdabei sein d\u00fcrfen) und hoffen, viele auch an anderen Aktivit\u00e4ten rund ums H\u00f6reli wiederzusehen. <\/p>\n\n\n\n<p class=\"wp-block-paragraph\">Beatrice Kull (Bericht)<br>Markus Reber<br>Franziska Reber<\/p>\n\n\n\nngg_shortcode_0_placeholder\n","protected":false},"excerpt":{"rendered":"<p>&#8222;B\u00fchlikofenbummel&#8222; Freitagmorgen, kalt, regnerisch. Doch gegen Abend verzogen sich die Wolken, der Regen h\u00f6rte auf. Aber es blieb k\u00fchl. Am Treffpunkt um 18.00 Uhr beim Parkplatz Geisshubel in Zollikofen fanden &#8230; <a title=\"Abendbummel vom Freitag, 26. April 2019\" class=\"read-more\" href=\"https:\/\/www.bsrz.ch\/website\/2019\/05\/08\/abendbummel-vom-freitag-26-april-2019\/\" aria-label=\"Mehr Informationen \u00fcber Abendbummel vom Freitag, 26. April 2019\">Weiterlesen<\/a><\/p>\n","protected":false},"author":1,"featured_media":5769,"comment_status":"closed","ping_status":"closed","sticky":false,"template":"","format":"standard","meta":{"ngg_post_thumbnail":0,"_EventAllDay":false,"_EventTimezone":"","_EventStartDate":"","_EventEndDate":"","_EventStartDateUTC":"","_EventEndDateUTC":"","_EventShowMap":false,"_EventShowMapLink":false,"_EventURL":"","_EventCost":"","_EventCostDescription":"","_EventCurrencySymbol":"","_EventCurrencyCode":"","_EventCurrencyPosition":"","_EventDateTimeSeparator":"","_EventTimeRangeSeparator":"","_EventOrganizerID":[],"_EventVenueID":[],"_OrganizerEmail":"","_OrganizerPhone":"","_OrganizerWebsite":"","_VenueAddress":"","_VenueCity":"","_VenueCountry":"","_VenueProvince":"","_VenueState":"","_VenueZip":"","_VenuePhone":"","_VenueURL":"","_VenueStateProvince":"","_VenueLat":"","_VenueLng":"","_VenueShowMap":false,"_VenueShowMapLink":false,"footnotes":""},"categories":[84],"tags":[],"class_list":["post-5767","post","type-post","status-publish","format-standard","has-post-thumbnail","hentry","category-berichte-2019"],"_links":{"self":[{"href":"https:\/\/www.bsrz.ch\/website\/wp-json\/wp\/v2\/posts\/5767","targetHints":{"allow":["GET"]}}],"collection":[{"href":"https:\/\/www.bsrz.ch\/website\/wp-json\/wp\/v2\/posts"}],"about":[{"href":"https:\/\/www.bsrz.ch\/website\/wp-json\/wp\/v2\/types\/post"}],"author":[{"embeddable":true,"href":"https:\/\/www.bsrz.ch\/website\/wp-json\/wp\/v2\/users\/1"}],"replies":[{"embeddable":true,"href":"https:\/\/www.bsrz.ch\/website\/wp-json\/wp\/v2\/comments?post=5767"}],"version-history":[{"count":2,"href":"https:\/\/www.bsrz.ch\/website\/wp-json\/wp\/v2\/posts\/5767\/revisions"}],"predecessor-version":[{"id":5771,"href":"https:\/\/www.bsrz.ch\/website\/wp-json\/wp\/v2\/posts\/5767\/revisions\/5771"}],"wp:featuredmedia":[{"embeddable":true,"href":"https:\/\/www.bsrz.ch\/website\/wp-json\/wp\/v2\/media\/5769"}],"wp:attachment":[{"href":"https:\/\/www.bsrz.ch\/website\/wp-json\/wp\/v2\/media?parent=5767"}],"wp:term":[{"taxonomy":"category","embeddable":true,"href":"https:\/\/www.bsrz.ch\/website\/wp-json\/wp\/v2\/categories?post=5767"},{"taxonomy":"post_tag","embeddable":true,"href":"https:\/\/www.bsrz.ch\/website\/wp-json\/wp\/v2\/tags?post=5767"}],"curies":[{"name":"wp","href":"https:\/\/api.w.org\/{rel}","templated":true}]}}