{"id":5812,"date":"2019-08-27T16:26:06","date_gmt":"2019-08-27T14:26:06","guid":{"rendered":"https:\/\/www.bsrz.ch\/website\/?p=5812"},"modified":"2019-08-27T16:27:45","modified_gmt":"2019-08-27T14:27:45","slug":"hoereli-bike-weekend-10-11-august-2019","status":"publish","type":"post","link":"https:\/\/www.bsrz.ch\/website\/2019\/08\/27\/hoereli-bike-weekend-10-11-august-2019\/","title":{"rendered":"H\u00f6reli Bike Weekend 10. &#038; 11. August 2019"},"content":{"rendered":"<p>Angefangen hat alles im H\u00f6reli mit viel Regen, Kaffee, Nussgipfel und Hefeschnecken.<br>\nWas danach kam, war die grosse App-Abfragestunde was zu einem eindeutigen Resultat f\u00fchrte sodass wir kurz vor 11Uhr fast trocken mit unserem Unterfangen starten konnten.<br>\nNach einer rasanten Abk\u00fchlphase hinunter zum Allenbach kam schon der erste Halt mit &#8222;Regenzeug&#8220; weg. Von da an gings bei sonnigem Wetter bergauf Richtung Bergl\u00e4ger und nach einer &#8222;\u00dcHP&#8220; Kurve weiter \u00fcber den Troneggrat zu unserem ersten Halt im B\u00fctschi. Mit diversen Wurst &#8211; und K\u00e4sesorten konnten s\u00e4mtli-che Gel\u00fcste gestillt werden. F\u00fcr einige gab es noch einen Kaffee mit Bodensicht.<br>\nWeiter gings abw\u00e4rts \u00fcber Bergl\u00e4ger zum Allenbach wo jemand von uns (Name der Redaktion bekannt) einen auf Patrouille Suisse machte.<br>\nFolgendes Kunstflugprogramm wurde der \u00d6ffentlichkeit vorgef\u00fchrt:<br>\nKurze Abk\u00fcrzung mit Grabenstopp von Hundert auf null, senkrechtem Aufstieg mit halber Schraub und relativ unsanfter Landung auf dem Boden der Realit\u00e4t.<br>\nB\u00f6se Zungen behaupten, dass ein Hund f\u00fcr diese Flugeinlage schuld war, was nicht zu 100% best\u00e4tigt wer-den kann da keine Logfiles vorhanden waren. <\/p>\n<p>Nach kurzem sortieren der Gliedmassen ging es weiter Richtung Schermtanne wo sich die Spreu vom Wei-zen trennte. F\u00fcr die K\u00f6rnerlosen gings Talabw\u00e4rts nach Adelboden und mit der Bahn auf die Tschente und f\u00fcr die anderen mit Muskelkraft ebenfalls auf die Tschentenalp jedoch den Wanderweg hoch. Nach einer technisch anspruchsvollen Abfahrt mit diversen &#8222;Positionsk\u00e4mpfen&#8220; erwartete uns ein grossartiges Apero sowie ein sehr feines Abendessen, dass durch unsere weibliche K\u00fcchencrew hergerichtet wurde.<br>\nNach \u00dcbungsbesprechung (Patrouille Suisse) und diversen anderen schaurigen Geschichten war Ruhe angesagt.<\/p>\n<p>Nach einem reichhaltigen Fr\u00fchst\u00fcck fuhren wir \u00fcber den oberen H\u00f6rnliweg Richtung Schermtanne, Aebi und Vogellisiweg hinauf zum Hahnenmoos wo wir unsere erste Verpflegung zu uns nahmen. Leider wurde zu sp\u00e4t bemerkt, dass an der Kasse mit dem Zusatz &#8222;Tisch 100&#8220; alles gratis gewesen w\u00e4re und so musste jeder seine Pommes, Pasta oder K\u00e4sekuchen selbst berappen.<br>\nNach dem Essen fuhren wir mit halbvollem Magen Richtung Blatti, ufem Stand am Gilsbach entlang zum Bergl\u00e4ger.<br>\nVon hieraus gings f\u00fcr die einen direkt nach Adelboden, f\u00fcr die andern \u00fcber Schermtanne und Fluhweid zur\u00fcck zum H\u00f6reli.<br>\nBesten Dank nochmals unserem Tourguide Pesche 1, der K\u00fcchencrew Sahra, Rahel, Esther, Sabine und Chrige f\u00fcr die super Verpflegung sowie den Bikern Pesche 1, 2, 3, \u00c4ndu, D\u00e4nu, Werner, S\u00fcsu, und B\u00e4rnu f\u00fcr das gelungene Weekend.<\/p>\n<p>\u00c4s het gf\u00e4gt<\/p>\n<p>Pesche 2<\/p>\n\n\nngg_shortcode_0_placeholder\n","protected":false},"excerpt":{"rendered":"<p>Angefangen hat alles im H\u00f6reli mit viel Regen, Kaffee, Nussgipfel und Hefeschnecken. Was danach kam, war die grosse App-Abfragestunde was zu einem eindeutigen Resultat f\u00fchrte sodass wir kurz vor 11Uhr &#8230; <a title=\"H\u00f6reli Bike Weekend 10. &#038; 11. August 2019\" class=\"read-more\" href=\"https:\/\/www.bsrz.ch\/website\/2019\/08\/27\/hoereli-bike-weekend-10-11-august-2019\/\" aria-label=\"Mehr Informationen \u00fcber H\u00f6reli Bike Weekend 10. &#038; 11. August 2019\">Weiterlesen<\/a><\/p>\n","protected":false},"author":1,"featured_media":5807,"comment_status":"closed","ping_status":"closed","sticky":false,"template":"","format":"standard","meta":{"ngg_post_thumbnail":0,"_EventAllDay":false,"_EventTimezone":"","_EventStartDate":"","_EventEndDate":"","_EventStartDateUTC":"","_EventEndDateUTC":"","_EventShowMap":false,"_EventShowMapLink":false,"_EventURL":"","_EventCost":"","_EventCostDescription":"","_EventCurrencySymbol":"","_EventCurrencyCode":"","_EventCurrencyPosition":"","_EventDateTimeSeparator":"","_EventTimeRangeSeparator":"","_EventOrganizerID":[],"_EventVenueID":[],"_OrganizerEmail":"","_OrganizerPhone":"","_OrganizerWebsite":"","_VenueAddress":"","_VenueCity":"","_VenueCountry":"","_VenueProvince":"","_VenueState":"","_VenueZip":"","_VenuePhone":"","_VenueURL":"","_VenueStateProvince":"","_VenueLat":"","_VenueLng":"","_VenueShowMap":false,"_VenueShowMapLink":false,"footnotes":""},"categories":[84],"tags":[85],"class_list":["post-5812","post","type-post","status-publish","format-standard","has-post-thumbnail","hentry","category-berichte-2019","tag-bikeweekend"],"_links":{"self":[{"href":"https:\/\/www.bsrz.ch\/website\/wp-json\/wp\/v2\/posts\/5812","targetHints":{"allow":["GET"]}}],"collection":[{"href":"https:\/\/www.bsrz.ch\/website\/wp-json\/wp\/v2\/posts"}],"about":[{"href":"https:\/\/www.bsrz.ch\/website\/wp-json\/wp\/v2\/types\/post"}],"author":[{"embeddable":true,"href":"https:\/\/www.bsrz.ch\/website\/wp-json\/wp\/v2\/users\/1"}],"replies":[{"embeddable":true,"href":"https:\/\/www.bsrz.ch\/website\/wp-json\/wp\/v2\/comments?post=5812"}],"version-history":[{"count":3,"href":"https:\/\/www.bsrz.ch\/website\/wp-json\/wp\/v2\/posts\/5812\/revisions"}],"predecessor-version":[{"id":5823,"href":"https:\/\/www.bsrz.ch\/website\/wp-json\/wp\/v2\/posts\/5812\/revisions\/5823"}],"wp:featuredmedia":[{"embeddable":true,"href":"https:\/\/www.bsrz.ch\/website\/wp-json\/wp\/v2\/media\/5807"}],"wp:attachment":[{"href":"https:\/\/www.bsrz.ch\/website\/wp-json\/wp\/v2\/media?parent=5812"}],"wp:term":[{"taxonomy":"category","embeddable":true,"href":"https:\/\/www.bsrz.ch\/website\/wp-json\/wp\/v2\/categories?post=5812"},{"taxonomy":"post_tag","embeddable":true,"href":"https:\/\/www.bsrz.ch\/website\/wp-json\/wp\/v2\/tags?post=5812"}],"curies":[{"name":"wp","href":"https:\/\/api.w.org\/{rel}","templated":true}]}}