{"id":5908,"date":"2019-11-29T11:45:15","date_gmt":"2019-11-29T10:45:15","guid":{"rendered":"https:\/\/www.bsrz.ch\/website\/?p=5908"},"modified":"2019-11-29T11:54:15","modified_gmt":"2019-11-29T10:54:15","slug":"biketage-val-danniviers","status":"publish","type":"post","link":"https:\/\/www.bsrz.ch\/website\/2019\/11\/29\/biketage-val-danniviers\/","title":{"rendered":"Biketage Val d&#8217;Anniviers"},"content":{"rendered":"<p>Das Motto dieser Woche&#8230;.<br \/>\nNicht widersprechen, eigentlich fahrbar oder theoretisch kann man praktisch alles!<\/p>\n<figure id=\"attachment_5909\" aria-describedby=\"caption-attachment-5909\" style=\"width: 1004px\" class=\"wp-caption alignnone\"><img loading=\"lazy\" decoding=\"async\" class=\"wp-image-5909 size-full\" src=\"https:\/\/www.bsrz.ch\/website\/wp-content\/uploads\/2019\/11\/Unbenannt.png\" alt=\"\" width=\"1014\" height=\"437\" srcset=\"https:\/\/www.bsrz.ch\/website\/wp-content\/uploads\/2019\/11\/Unbenannt.png 1014w, https:\/\/www.bsrz.ch\/website\/wp-content\/uploads\/2019\/11\/Unbenannt-300x129.png 300w, https:\/\/www.bsrz.ch\/website\/wp-content\/uploads\/2019\/11\/Unbenannt-768x331.png 768w\" sizes=\"auto, (max-width: 1014px) 100vw, 1014px\" \/><figcaption id=\"caption-attachment-5909\" class=\"wp-caption-text\">Val d&#8217;Anniviers<\/figcaption><\/figure>\n<p>In diesem Jahr zog es uns ins Val d`Anniviers im Wallis.<\/p>\n<p><strong>Wir, das waren:<\/strong><br \/>\nAndr\u00e9 Althaus (Guide und Organisator), Pesche (1) Weber (Schreiberling), Stephan Sulzer (S\u00fcsu), Pesche (2) Walter (Dienst\u00e4ltester), Daniel (1) Steudler, Daniel (2) Iseli und Marco K\u00e4hr.<\/p>\n<p><img loading=\"lazy\" decoding=\"async\" class=\"alignnone size-full wp-image-5910\" src=\"https:\/\/www.bsrz.ch\/website\/wp-content\/uploads\/2019\/11\/SEKQ0504.jpg\" alt=\"\" width=\"1920\" height=\"1080\" srcset=\"https:\/\/www.bsrz.ch\/website\/wp-content\/uploads\/2019\/11\/SEKQ0504.jpg 1920w, https:\/\/www.bsrz.ch\/website\/wp-content\/uploads\/2019\/11\/SEKQ0504-300x169.jpg 300w, https:\/\/www.bsrz.ch\/website\/wp-content\/uploads\/2019\/11\/SEKQ0504-1024x576.jpg 1024w, https:\/\/www.bsrz.ch\/website\/wp-content\/uploads\/2019\/11\/SEKQ0504-768x432.jpg 768w, https:\/\/www.bsrz.ch\/website\/wp-content\/uploads\/2019\/11\/SEKQ0504-1536x864.jpg 1536w\" sizes=\"auto, (max-width: 1920px) 100vw, 1920px\" \/><\/p>\n<p>Das Val d`Anniviers erstreckt sich von Sierre bis Zinal. Bei Vissoie trennt es sich in zwei T\u00e4ler: Das westliche Val de Moiry erstreckt sich bis zum Moiry Gletscher. Das \u00f6stliche Val de Zinal bis zum Zinalgletscher. Der gesamte Talschluss unter Einschluss des Weisshorns heisst auch Kaiserkrone (Couronne imp\u00e9riale).<\/p>\n<p>Erster Treffpunkt war die Rastst\u00e4tte &#8222;Grand Saint-Bernard&#8220;, wo wir erst einmal einen Kaffee zu uns nahmen.<br \/>\nDanach ging es weiter Richtung Val d`Anniviers. Nach einer kurvenreichen Fahrt erreichten wir unsere Unterkunft in St-Luc. Das Dorf liegt auf einer Sonnenterrasse auf 1650 Meter \u00fcber Meer an der rechten Uferseite der Navisence.<\/p>\n<p>Bei Ankunft im Hotel konnten wir leider unsere Zimmer noch nicht beziehen und so ging es, nach Anpassung des Kleidersortimentes, direkt auf die erste Tour.<\/p>\n<figure id=\"attachment_5911\" aria-describedby=\"caption-attachment-5911\" style=\"width: 1910px\" class=\"wp-caption alignnone\"><img loading=\"lazy\" decoding=\"async\" class=\"wp-image-5911 size-full\" src=\"https:\/\/www.bsrz.ch\/website\/wp-content\/uploads\/2019\/11\/KFRO1552.jpg\" alt=\"\" width=\"1920\" height=\"1080\" srcset=\"https:\/\/www.bsrz.ch\/website\/wp-content\/uploads\/2019\/11\/KFRO1552.jpg 1920w, https:\/\/www.bsrz.ch\/website\/wp-content\/uploads\/2019\/11\/KFRO1552-300x169.jpg 300w, https:\/\/www.bsrz.ch\/website\/wp-content\/uploads\/2019\/11\/KFRO1552-1024x576.jpg 1024w, https:\/\/www.bsrz.ch\/website\/wp-content\/uploads\/2019\/11\/KFRO1552-768x432.jpg 768w, https:\/\/www.bsrz.ch\/website\/wp-content\/uploads\/2019\/11\/KFRO1552-1536x864.jpg 1536w\" sizes=\"auto, (max-width: 1920px) 100vw, 1920px\" \/><figcaption id=\"caption-attachment-5911\" class=\"wp-caption-text\">Hotel Grand Chalet Favre<\/figcaption><\/figure>\n<p><strong>MONTAG, 09. SEPTEMBER 2019<\/strong><br \/>\nST-LUC &#8211; TIGNOUSA \u2013 COMBAVERT &#8211; ST-LUC \u2013 CHANDOLIN \u2013 LES PONTS \u2013 VISSOIE &#8211; ST-LUC<br \/>\nZum Start in St-Luc half uns die Standseilbahn, die ersten H\u00f6henmeter ohne Energieverschwendung zu meistern. Nach kurzer Fahrt erreichten wir Tignousa auf 2184m, wo sich auch ein Observatorium befand. Das Interesse am Sternengucken hatte niemand und so fuhren wir Richtung Weisshorn weiter. Durch den Foret de Lache ging es zur\u00fcck nach St-Luc, was nat\u00fcrlich noch nicht das Ende der Fahnenstange bedeutete.<br \/>\nSo fuhren wir weiter durch abwechslungsreiche Bikewege hinauf nach Chandolin.<\/p>\n<p>Alle Jahre wieder! Der Montag ist absolut nicht unser Einkehrtag! Kein einziger Gastrobetrieb hatte ge\u00f6ffnet, so dass einmal mehr die Verpflegung aus dem Rucksack zur Anwendung kam. Nachdem die Energiespeicher wieder gef\u00fcllt waren, war Downhill angesagt.<\/p>\n<p>Von Chandolin aus ging es durch einen anspruchsvollen Trail und \u00fcber eine H\u00e4ngebr\u00fccke zur\u00fcck auf die Hauptstrasse in Les Pontis.<\/p>\n<figure id=\"attachment_5912\" aria-describedby=\"caption-attachment-5912\" style=\"width: 1014px\" class=\"wp-caption alignnone\"><img loading=\"lazy\" decoding=\"async\" class=\"wp-image-5912 size-full\" src=\"https:\/\/www.bsrz.ch\/website\/wp-content\/uploads\/2019\/11\/OKEA0625.jpg\" alt=\"\" width=\"1024\" height=\"768\" srcset=\"https:\/\/www.bsrz.ch\/website\/wp-content\/uploads\/2019\/11\/OKEA0625.jpg 1024w, https:\/\/www.bsrz.ch\/website\/wp-content\/uploads\/2019\/11\/OKEA0625-300x225.jpg 300w, https:\/\/www.bsrz.ch\/website\/wp-content\/uploads\/2019\/11\/OKEA0625-768x576.jpg 768w\" sizes=\"auto, (max-width: 1024px) 100vw, 1024px\" \/><figcaption id=\"caption-attachment-5912\" class=\"wp-caption-text\">H\u00e4ngebr\u00fccke \u00fcber das Vallon des Petites Pontis<\/figcaption><\/figure>\n<p>Ein Teil von uns hatte noch nicht genug und ignorierte das Postautoangebot. Also machten sich S\u00fcsu, B\u00e4rnu, D\u00e4nu 1+2 und Pesche 1, die sogenannten &#8222;G\u00fcmeler&#8220;, auf nach St-Luc. Es kam, wie es kommen musste&#8230;.!<br \/>\nDas Postauto mit den beiden &#8222;Touristen&#8220; an Bord \u00fcberholte uns in Richtung St-Luc. Als wir in St-Luc eintrafen, erwarteten uns die beiden bereits auf der Terrasse und genossen ihr Bier. Frisch geduscht trafen wir uns zu einem Smartphone losen Ap\u00e9ro in der Bar, um anschliessend bei einem gem\u00fctlichen Nachtessen den Tag ausklingen zu lassen.<\/p>\n<p><strong>DIENSTAG, 10. SEPTEMBER 2019<\/strong><br \/>\nSt-Luc &#8211; Tignousa \u2013 Combavert &#8211; Hotel Weisshorn \u2013 Zinal &#8211; St-Luc<\/p>\n<figure id=\"attachment_5913\" aria-describedby=\"caption-attachment-5913\" style=\"width: 1578px\" class=\"wp-caption alignnone\"><img loading=\"lazy\" decoding=\"async\" class=\"wp-image-5913 size-full\" src=\"https:\/\/www.bsrz.ch\/website\/wp-content\/uploads\/2019\/11\/PZRRE2068.jpg\" alt=\"\" width=\"1588\" height=\"875\" srcset=\"https:\/\/www.bsrz.ch\/website\/wp-content\/uploads\/2019\/11\/PZRRE2068.jpg 1588w, https:\/\/www.bsrz.ch\/website\/wp-content\/uploads\/2019\/11\/PZRRE2068-300x165.jpg 300w, https:\/\/www.bsrz.ch\/website\/wp-content\/uploads\/2019\/11\/PZRRE2068-1024x564.jpg 1024w, https:\/\/www.bsrz.ch\/website\/wp-content\/uploads\/2019\/11\/PZRRE2068-768x423.jpg 768w, https:\/\/www.bsrz.ch\/website\/wp-content\/uploads\/2019\/11\/PZRRE2068-1536x846.jpg 1536w\" sizes=\"auto, (max-width: 1588px) 100vw, 1588px\" \/><figcaption id=\"caption-attachment-5913\" class=\"wp-caption-text\">Hotel Weisshorn<\/figcaption><\/figure>\n<p>Der heutige Tag begann mit dem \u00fcblichen Ritual wie Morgenessen, bl\u00f6de Spr\u00fcche klopfen und so weiter. Nach dem nun auch noch Marco zu uns gestossen war, nahmen wir wieder die Standseilbahn nach Tignousa.<br \/>\nNach einem Aufstieg zum Hotel Weisshorn machten wir hier unsere erste Pause. Weiter ging es \u00fcber einen schmalen und steilen Trail Richtung Zinal.<\/p>\n<p>Vorerst ging es flott vorw\u00e4rts, bis pl\u00f6tzlich weiter vorne jemand fehlte. \u00c4ndu, unser Guide, st\u00fcrzte ca. 20m den steilen, mit Felsbrocken \u00fcbers\u00e4ten Abhang hinunter. Nach der Erstversorgung durch uns gings m\u00fchsam zur\u00fcck auf den Weg. Allen war klar, dass f\u00fcr \u00c4ndu Schluss mit Biken war.<\/p>\n<figure id=\"attachment_5914\" aria-describedby=\"caption-attachment-5914\" style=\"width: 1094px\" class=\"wp-caption alignnone\"><img loading=\"lazy\" decoding=\"async\" class=\"wp-image-5914 size-full\" src=\"https:\/\/www.bsrz.ch\/website\/wp-content\/uploads\/2019\/11\/TLCPE5054.jpg\" alt=\"\" width=\"1104\" height=\"781\" srcset=\"https:\/\/www.bsrz.ch\/website\/wp-content\/uploads\/2019\/11\/TLCPE5054.jpg 1104w, https:\/\/www.bsrz.ch\/website\/wp-content\/uploads\/2019\/11\/TLCPE5054-300x212.jpg 300w, https:\/\/www.bsrz.ch\/website\/wp-content\/uploads\/2019\/11\/TLCPE5054-1024x724.jpg 1024w, https:\/\/www.bsrz.ch\/website\/wp-content\/uploads\/2019\/11\/TLCPE5054-768x543.jpg 768w\" sizes=\"auto, (max-width: 1104px) 100vw, 1104px\" \/><figcaption id=\"caption-attachment-5914\" class=\"wp-caption-text\">\u00c4ndu am Haken der Air Zermatt<\/figcaption><\/figure>\n<figure id=\"attachment_5915\" aria-describedby=\"caption-attachment-5915\" style=\"width: 758px\" class=\"wp-caption alignnone\"><img loading=\"lazy\" decoding=\"async\" class=\"wp-image-5915 size-full\" src=\"https:\/\/www.bsrz.ch\/website\/wp-content\/uploads\/2019\/11\/LUEH7902.jpg\" alt=\"\" width=\"768\" height=\"1024\" srcset=\"https:\/\/www.bsrz.ch\/website\/wp-content\/uploads\/2019\/11\/LUEH7902.jpg 768w, https:\/\/www.bsrz.ch\/website\/wp-content\/uploads\/2019\/11\/LUEH7902-225x300.jpg 225w\" sizes=\"auto, (max-width: 768px) 100vw, 768px\" \/><figcaption id=\"caption-attachment-5915\" class=\"wp-caption-text\">Bike R\u00fccktransport<\/figcaption><\/figure>\n<p>Nachdem \u00c4ndu mit dem Heli abtransportiert worden war, hatten wir ein Bike zu viel. Pesche 1+2 machten sich damit auf den Weg zur\u00fcck zum Hotel Weisshorn. Am Abend wurde es uns von dort durch einen Angestellten unser Hotel gebracht.<br \/>\nDie anderen f\u00fcnf Biker machten sich auf den Weg nach Zinal und konnten die geplante Tagestour ohne weitere Zwischenf\u00e4lle beenden. Pesche 1+2 fuhren, nachdem der R\u00fccktransport des Bikes organisiert war, \u00fcber die ausgefahrene Downhill-Strecke zur\u00fcck nach St-Luc.<br \/>\nNat\u00fcrlich blieb die Ungewissheit, was \u00fcberhaupt mit \u00c4ndu los war. Um 15.51Uhr bekamen wir folgende Nachricht: \u201eBlaui fl\u00e4cke, z band im r\u00e4chte fuess agrisse u \u00e4 riss im chnoche vom chline finger\u201c. Der kleine Finger entpuppte sich sp\u00e4ter als Riss der Sehne.<\/p>\n<p>Das Spital konnte \u00c4ndu bereits am Abend wieder verlassen und er kehrte zu uns ins Hotel zur\u00fcck. Wir waren alle erleichtert, dass nicht mehr passiert war. Der ereignisreiche Tag wurde mit einem feinen Nachtessen abgeschlossen. F\u00fcr Gespr\u00e4chsstoff beim Schlummertrunk sorgten nat\u00fcrlich die Vorkommnisse des Tages.<\/p>\n<p><strong>MITTWOCH, 11. SEPTEMBER 2019<\/strong><br \/>\nSt-Luc \u2013 Ayer \u2013 Mottec \u2013 Grimentz &#8211; Corne de Sorebois &#8211; Lac des Moiry \u2013 Grimentz \u2013 Vissoie &#8211; St-Luc oder Corne de Sorebois \u2013 Zinal \u2013 Ayer &#8211; St-Luc<\/p>\n<p>Da nun unser Guide ausgefallen war, kamen diverse NAVI Kollegen als Ersatz in Frage, welche uns durch die Wildnis des Val d`Anniviers lotsen konnten. Da aber keiner die strengen Guide-Kriterien erf\u00fcllen konnte, wurden alle zu Aushilfs-Guides ernannt, was am Anfang auch recht gut klappte. Nach dem wir unser Morgenritual durchgezogen hatten, wurden wir von \u00c4ndu mit seinen Kr\u00fccken davongejagt ;-))).<\/p>\n<p>Heute war keine Standseilbahn angesagt und so fuhren wir aus eigener Kraft hoch Richtung Hotel Weisshorn. Nach halber Strecke f\u00fchrte uns der Weg Richtung Ayer. Bei der Verzweigung auf den Wanderweg entschieden sich f\u00fcnf aus der Gruppe, \u00fcber die Forststrasse weiter zu fahren. Am Schluss stellt sich heraus, dass dies keine gute Idee war.<\/p>\n<p>Unser Tempor\u00e4rguide (Name allen bekannt) kam vor jeder Kurve immer mit dem Spruch: \u201eEigentlich sollte es nicht mehr obsi gehen\u201c, was aber mit weiteren H\u00f6henmetern oder &#8222;Bikeschleick\u201c gnadenlos bestraft wurde. Am h\u00f6chsten Punkt angekommen, wurden wir daf\u00fcr mit einem Single Trail belohnt, der uns nach Ayer f\u00fchrte.<\/p>\n<p>\u00dcber die Hauptstrasse gelangten wir zur Pont du Bois und \u00fcber den Wanderweg nach Mottec. Nach etwa 400m war aber der Wanderweg gesperrt mit dem Hinweis, der Schnur zu folgen, die uns \u00fcber eine Umleitung nach Mottec f\u00fchrte. Dies glich eher einer Klettertour, als einer Biketour. D\u00e4nu 2 und Marco, die vorher dem Wanderweg gefolgt und deshalb vor uns bei der Br\u00fccke waren, machten rechts umkehrt und folgten der Hauptstrasse bis Mottec, was sich als bessere und energiesparendere Variante herausstellte.<\/p>\n<figure id=\"attachment_5922\" aria-describedby=\"caption-attachment-5922\" style=\"width: 1910px\" class=\"wp-caption alignnone\"><img loading=\"lazy\" decoding=\"async\" class=\"wp-image-5922 size-full\" src=\"https:\/\/www.bsrz.ch\/website\/wp-content\/uploads\/2019\/11\/IMG_0216-3-scaled.jpg\" alt=\"\" width=\"1920\" height=\"2560\" srcset=\"https:\/\/www.bsrz.ch\/website\/wp-content\/uploads\/2019\/11\/IMG_0216-3-scaled.jpg 1920w, https:\/\/www.bsrz.ch\/website\/wp-content\/uploads\/2019\/11\/IMG_0216-3-scaled-225x300.jpg 225w, https:\/\/www.bsrz.ch\/website\/wp-content\/uploads\/2019\/11\/IMG_0216-3-768x1024.jpg 768w, https:\/\/www.bsrz.ch\/website\/wp-content\/uploads\/2019\/11\/IMG_0216-3-1152x1536.jpg 1152w, https:\/\/www.bsrz.ch\/website\/wp-content\/uploads\/2019\/11\/IMG_0216-3-1536x2048.jpg 1536w\" sizes=\"auto, (max-width: 1920px) 100vw, 1920px\" \/><figcaption id=\"caption-attachment-5922\" class=\"wp-caption-text\">BSR Klettertour mit Bike<\/figcaption><\/figure>\n<p>Ab Mottec f\u00fchrte uns die Route durch den Foret des Morasses hinauf nach Grimentz, wo wir bereits von \u00c4ndu erwartet wurden. Nach einem gemeinsamen Mittagessen fuhr \u00c4ndu im Laufe des Nachmittags mit dem Postauto zur\u00fcck nach St Luc.<br \/>\nF\u00fcr die H\u00f6henmetervernichtung auf den Corne de Sorebois war die Seilbahn verantwortlich. Oben angekommen teilten wir uns auf. F\u00fcr die Gruppe 1 war Zinal, und f\u00fcr die Gruppe 2 war der Lac de Moiry das Ziel. Die Gruppe 2 folgte dem Trail Richtung Lac de Moiry und weiter Richtung Grimentz. Auf einmal standen sie vor einem gr\u00f6sseren Problem und fragten sich: \u201cWie \u00fcberquere ich einen Kanal ohne Br\u00fccke?\u201d Richtig geraten! Umkehren und den richtigen Trail nehmen!!!!<\/p>\n<figure id=\"attachment_5920\" aria-describedby=\"caption-attachment-5920\" style=\"width: 262px\" class=\"wp-caption alignnone\"><img loading=\"lazy\" decoding=\"async\" class=\"wp-image-5920 size-full\" src=\"https:\/\/www.bsrz.ch\/website\/wp-content\/uploads\/2019\/11\/kanal.png\" alt=\"\" width=\"272\" height=\"424\" srcset=\"https:\/\/www.bsrz.ch\/website\/wp-content\/uploads\/2019\/11\/kanal.png 272w, https:\/\/www.bsrz.ch\/website\/wp-content\/uploads\/2019\/11\/kanal-192x300.png 192w\" sizes=\"auto, (max-width: 272px) 100vw, 272px\" \/><figcaption id=\"caption-attachment-5920\" class=\"wp-caption-text\">Kanal ohne Br\u00fccke<\/figcaption><\/figure>\n<figure id=\"attachment_5919\" aria-describedby=\"caption-attachment-5919\" style=\"width: 1910px\" class=\"wp-caption alignnone\"><img loading=\"lazy\" decoding=\"async\" class=\"wp-image-5919 size-full\" src=\"https:\/\/www.bsrz.ch\/website\/wp-content\/uploads\/2019\/11\/RCKT7810.jpg\" alt=\"\" width=\"1920\" height=\"1080\" srcset=\"https:\/\/www.bsrz.ch\/website\/wp-content\/uploads\/2019\/11\/RCKT7810.jpg 1920w, https:\/\/www.bsrz.ch\/website\/wp-content\/uploads\/2019\/11\/RCKT7810-300x169.jpg 300w, https:\/\/www.bsrz.ch\/website\/wp-content\/uploads\/2019\/11\/RCKT7810-1024x576.jpg 1024w, https:\/\/www.bsrz.ch\/website\/wp-content\/uploads\/2019\/11\/RCKT7810-768x432.jpg 768w, https:\/\/www.bsrz.ch\/website\/wp-content\/uploads\/2019\/11\/RCKT7810-1536x864.jpg 1536w\" sizes=\"auto, (max-width: 1920px) 100vw, 1920px\" \/><figcaption id=\"caption-attachment-5919\" class=\"wp-caption-text\">Lac de Moiry<\/figcaption><\/figure>\n<p>Die andere Gruppe fuhr \u00fcber einen ruppigen, von einem Bautrupp f\u00fcr \u201ek\u00fcnstliche Beschneiung\u201c aufgew\u00fchlten Alpweg, Richtung Zinal und weiter nach St-Luc.<\/p>\n<p>Ausgangs Ayer entschied sich Pesche Walter der Hauptstrasse Richtung Vissoie zu folgen, um mit dem Postauto die restlichen H\u00f6henmeter nach St-Luc zu \u00fcberwinden.<br \/>\nIn Vissoie angekommen sah er gerade noch \u00c4ndu, der ihm aus dem davonfahrenden Postauto l\u00e4chelnd zuwinkte.<\/p>\n<p>Der Rest der Gruppe 1 fuhr unterdessen von Ayer bis zum Hotel in St-Luc. Es stellte sich heraus, dass dies nur gerade 180 H\u00f6henmeter waren und eher mit einer Sonntagsausfahrt zu vergleichen war.<\/p>\n<p>Zum Schluss waren aber alle wieder im Hotel beim gemeinsamen Abendessen anzutreffen. Es war ein sehr anstrengender Tag, was uns von weiteren Aktivit\u00e4ten, ausser einem Schlummertrunk, abhielt.<\/p>\n<p><strong>DONNERSTAG, 12. SEPTEMBER 2019<\/strong><br \/>\nSt-Luc \u2013 Chandolin \u2013 Pramarin \u2013 Illgraben &#8211; Sierre<\/p>\n<p>Nach dem auschecken im Hotel fuhren wir etwas sp\u00e4ter als sonst zur Talstation der Drahtseilbahn. Hier waren wir aber um diese Zeit nicht die Einzigen, die nach oben wollten und so mussten wir uns einfach in Geduld \u00fcben. Als endlich alle Bikes im untersten Abteil der Bahn verstaut waren, ging es los.<\/p>\n<p>Oben angekommen f\u00fchrte uns ein wundersch\u00f6ner Trail Richtung Chandolin. Von da aus fuhren Pesche 1+2 wieder zur\u00fcck nach St-Luc, um mit den beiden Fahrzeugen nach Sierre zu fahren.<\/p>\n<p>Der Rest der Gruppe wollte eigentlich auf dem Trail von Chandolin \u00fcber den Illgraben hinunter nach Sierre fahren, als pl\u00f6tzlich eine un\u00fcberwindbare Abschrankung den Weg versperrte.<\/p>\n<figure id=\"attachment_5921\" aria-describedby=\"caption-attachment-5921\" style=\"width: 1910px\" class=\"wp-caption alignnone\"><img loading=\"lazy\" decoding=\"async\" class=\"wp-image-5921 size-full\" src=\"https:\/\/www.bsrz.ch\/website\/wp-content\/uploads\/2019\/11\/TLNE5319.jpg\" alt=\"\" width=\"1920\" height=\"933\" srcset=\"https:\/\/www.bsrz.ch\/website\/wp-content\/uploads\/2019\/11\/TLNE5319.jpg 1920w, https:\/\/www.bsrz.ch\/website\/wp-content\/uploads\/2019\/11\/TLNE5319-300x146.jpg 300w, https:\/\/www.bsrz.ch\/website\/wp-content\/uploads\/2019\/11\/TLNE5319-1024x498.jpg 1024w, https:\/\/www.bsrz.ch\/website\/wp-content\/uploads\/2019\/11\/TLNE5319-768x373.jpg 768w, https:\/\/www.bsrz.ch\/website\/wp-content\/uploads\/2019\/11\/TLNE5319-1536x746.jpg 1536w\" sizes=\"auto, (max-width: 1920px) 100vw, 1920px\" \/><figcaption id=\"caption-attachment-5921\" class=\"wp-caption-text\">Un\u00fcberwindbare Abschrankung<\/figcaption><\/figure>\n<p>Schon vorher entschieden sich B\u00e4rnu und S\u00fcsu umzukehren, um mit uns nach Sierre zu fahren. In Sierre warteten wir auf Marco und D\u00e4nu 1+2, welche doch noch einen fahrbaren Weg ins Tal fanden. Nach einer letzten Verpflegung machten wir uns auf den Heimweg.<\/p>\n<p>Ein grosses Merci geht an \u00c4ndu f\u00fcr die Organisation der Bike-Woche, sowie die Planung der abwechslungsreichen Touren. Ebenfalls ein Dankesch\u00f6n geht an die beiden Chauffeure, welche f\u00fcr die Hin- und R\u00fcckfahrt der kostbaren Fracht sorgten.<\/p>\n<p>\u00c4s het gf\u00e4gt!<\/p>\n<p>Pesche Weber<\/p>\n","protected":false},"excerpt":{"rendered":"<p>Das Motto dieser Woche&#8230;. Nicht widersprechen, eigentlich fahrbar oder theoretisch kann man praktisch alles! In diesem Jahr zog es uns ins Val d`Anniviers im Wallis. Wir, das waren: Andr\u00e9 Althaus &#8230; <a title=\"Biketage Val d&#8217;Anniviers\" class=\"read-more\" href=\"https:\/\/www.bsrz.ch\/website\/2019\/11\/29\/biketage-val-danniviers\/\" aria-label=\"Mehr Informationen \u00fcber Biketage Val d&#8217;Anniviers\">Weiterlesen<\/a><\/p>\n","protected":false},"author":1,"featured_media":5926,"comment_status":"closed","ping_status":"closed","sticky":false,"template":"","format":"standard","meta":{"ngg_post_thumbnail":0,"_EventAllDay":false,"_EventTimezone":"","_EventStartDate":"","_EventEndDate":"","_EventStartDateUTC":"","_EventEndDateUTC":"","_EventShowMap":false,"_EventShowMapLink":false,"_EventURL":"","_EventCost":"","_EventCostDescription":"","_EventCurrencySymbol":"","_EventCurrencyCode":"","_EventCurrencyPosition":"","_EventDateTimeSeparator":"","_EventTimeRangeSeparator":"","_EventOrganizerID":[],"_EventVenueID":[],"_OrganizerEmail":"","_OrganizerPhone":"","_OrganizerWebsite":"","_VenueAddress":"","_VenueCity":"","_VenueCountry":"","_VenueProvince":"","_VenueState":"","_VenueZip":"","_VenuePhone":"","_VenueURL":"","_VenueStateProvince":"","_VenueLat":"","_VenueLng":"","_VenueShowMap":false,"_VenueShowMapLink":false,"footnotes":""},"categories":[84],"tags":[70],"class_list":["post-5908","post","type-post","status-publish","format-standard","has-post-thumbnail","hentry","category-berichte-2019","tag-bike"],"_links":{"self":[{"href":"https:\/\/www.bsrz.ch\/website\/wp-json\/wp\/v2\/posts\/5908","targetHints":{"allow":["GET"]}}],"collection":[{"href":"https:\/\/www.bsrz.ch\/website\/wp-json\/wp\/v2\/posts"}],"about":[{"href":"https:\/\/www.bsrz.ch\/website\/wp-json\/wp\/v2\/types\/post"}],"author":[{"embeddable":true,"href":"https:\/\/www.bsrz.ch\/website\/wp-json\/wp\/v2\/users\/1"}],"replies":[{"embeddable":true,"href":"https:\/\/www.bsrz.ch\/website\/wp-json\/wp\/v2\/comments?post=5908"}],"version-history":[{"count":4,"href":"https:\/\/www.bsrz.ch\/website\/wp-json\/wp\/v2\/posts\/5908\/revisions"}],"predecessor-version":[{"id":5930,"href":"https:\/\/www.bsrz.ch\/website\/wp-json\/wp\/v2\/posts\/5908\/revisions\/5930"}],"wp:featuredmedia":[{"embeddable":true,"href":"https:\/\/www.bsrz.ch\/website\/wp-json\/wp\/v2\/media\/5926"}],"wp:attachment":[{"href":"https:\/\/www.bsrz.ch\/website\/wp-json\/wp\/v2\/media?parent=5908"}],"wp:term":[{"taxonomy":"category","embeddable":true,"href":"https:\/\/www.bsrz.ch\/website\/wp-json\/wp\/v2\/categories?post=5908"},{"taxonomy":"post_tag","embeddable":true,"href":"https:\/\/www.bsrz.ch\/website\/wp-json\/wp\/v2\/tags?post=5908"}],"curies":[{"name":"wp","href":"https:\/\/api.w.org\/{rel}","templated":true}]}}