{"id":6006,"date":"2015-09-27T22:12:00","date_gmt":"2015-09-27T20:12:00","guid":{"rendered":"https:\/\/www.bsrz.ch\/website\/?p=6006"},"modified":"2020-01-11T22:14:54","modified_gmt":"2020-01-11T21:14:54","slug":"bergwanderung-2015","status":"publish","type":"post","link":"https:\/\/www.bsrz.ch\/website\/2015\/09\/27\/bergwanderung-2015\/","title":{"rendered":"Bergwanderung 2015"},"content":{"rendered":"\n<p class=\"wp-block-paragraph\"><strong>Ab und auf in der Aletscharena<\/strong><br>27. September 2015 (von Fredi D\u00fcrst)<\/p>\n\n\n\n<p class=\"wp-block-paragraph\">Vor Zeiten lebte in eine H\u00fctte am Aletschgletscher ein einsames M\u00fctterchen. Es vertrieb sich die Zeit mit Spinnen und betete f\u00fcr die armen Seelen im Gletscher. Wenn es abends zu Bette ging, liess es die Geister jeweils in die warme Stube ein. Die ganze Nach hindurch seufzten dies am Ofen, derweil die Alte unbek\u00fcmmert schlief. Einmal in einer kalten Winternacht ging die Alte l\u00e4nger als \u00fcblich ihrer Arbeit nach \u2013 und draussen dr\u00e4ngten die Seelen auf Einlass. Zuletzt riss der alten der Geduldsfaden; sie \u00f6ffnete ihre Kammer, ohne zuvor den sch\u00fctzenden Bannspruch gemurmelt zu haben. Da wurde die T\u00fcr regelrecht aufgesprengt, und ein Schwall wimmernder Gespenster quoll herein \u2026<\/p>\n\n\n\n<p class=\"wp-block-paragraph\">Nach dem Weltbild der alten Walliser mussten die Seelen der Verstorbenen in der Gletscherein\u00f6de ihre begangenen Untaten s\u00fchnen. (Quelle: Schweizer Wanderwege, Wandern, Nr. 1101\/2015)<\/p>\n\n\n\n<p class=\"wp-block-paragraph\">Die diesj\u00e4hrige Bergwanderung f\u00fchrte uns in eben diese wilde, raue Gebirgslandschaft der Aletscharena mit dem m\u00e4chtigsten Eisriesen der Alpen, dem Aletschgletscher. Vom Hotel Belalp (2130 m.\u00fc.M.; der Zwischenhalt hier lohnte sich: Die Nussgipfel stehen Punkto M\u00e4chtigkeit dem Aletschgletscher in Nichts nach) geht der Weg die sog. Steigle (ein steiler Zickzack-Weg, gehalten von Trockenmauern) zu den Alpen im Aletschji und schliesslich \u00fcber vom Gletscher abgeschliffene Felsplatten zur H\u00e4ngebr\u00fccke \u00fcber die Massa, dem tiefsten Punkt unserer Wanderung (1600 m.\u00fc.M.). Die H\u00e4ngebr\u00fccke mit einer L\u00e4nge von 124 Metern \u00fcberspannt die imposante Massaschlucht in eine H\u00f6he von rund 80 Metern. Die \u00dcberquerung ist eine etwas schwindelerregende Angelegenheit. Wer jedoch die Augen schliesst ist selber schuld. Er verpasst den atemberaubenden Ausblick. So schweift denn der Blick auch immer wieder zum nahen Eispanzer. Wer weiss: Nimmt wohl mit dem schwindenden Eis auch die Zahl der S\u00fcnder ab \u2026? Auf der anderen Seite der H\u00e4ngebr\u00fccke geht es dann \u2013 teils steil \u2013 bergauf. Der Weg f\u00fchrt uns zu dem sich vom zur\u00fcckziehenden Gletscher zur\u00fcckgelassenen Gr\u00fcnsee (Mittagsrast), weiter durch den m\u00e4rchenhaft anmutenden Aletschwald zum Silbersand und schliesslich \u00fcber die Riederfurka (Bier-, Most- und Weissweinhalt) auf die Riederalp, dem Endpunkt unserer Bergwanderung.<\/p>\n\n\n\n<p class=\"wp-block-paragraph\">Teilnehmer: Heidi und \u00c4ndu Althaus, Chrige Burri, Ruth Glauser, Sigu Meyer, Peter Sch\u00fcpbach, Fredi D\u00fcrst<\/p>\n","protected":false},"excerpt":{"rendered":"<p>Ab und auf in der Aletscharena27. September 2015 (von Fredi D\u00fcrst) Vor Zeiten lebte in eine H\u00fctte am Aletschgletscher ein einsames M\u00fctterchen. Es vertrieb sich die Zeit mit Spinnen und &#8230; <a title=\"Bergwanderung 2015\" class=\"read-more\" href=\"https:\/\/www.bsrz.ch\/website\/2015\/09\/27\/bergwanderung-2015\/\" aria-label=\"Mehr Informationen \u00fcber Bergwanderung 2015\">Weiterlesen<\/a><\/p>\n","protected":false},"author":1,"featured_media":0,"comment_status":"closed","ping_status":"closed","sticky":false,"template":"","format":"standard","meta":{"ngg_post_thumbnail":0,"_EventAllDay":false,"_EventTimezone":"","_EventStartDate":"","_EventEndDate":"","_EventStartDateUTC":"","_EventEndDateUTC":"","_EventShowMap":false,"_EventShowMapLink":false,"_EventURL":"","_EventCost":"","_EventCostDescription":"","_EventCurrencySymbol":"","_EventCurrencyCode":"","_EventCurrencyPosition":"","_EventDateTimeSeparator":"","_EventTimeRangeSeparator":"","_EventOrganizerID":[],"_EventVenueID":[],"_OrganizerEmail":"","_OrganizerPhone":"","_OrganizerWebsite":"","_VenueAddress":"","_VenueCity":"","_VenueCountry":"","_VenueProvince":"","_VenueState":"","_VenueZip":"","_VenuePhone":"","_VenueURL":"","_VenueStateProvince":"","_VenueLat":"","_VenueLng":"","_VenueShowMap":false,"_VenueShowMapLink":false,"footnotes":""},"categories":[89],"tags":[80],"class_list":["post-6006","post","type-post","status-publish","format-standard","hentry","category-berichte-2015","tag-wanderung"],"_links":{"self":[{"href":"https:\/\/www.bsrz.ch\/website\/wp-json\/wp\/v2\/posts\/6006","targetHints":{"allow":["GET"]}}],"collection":[{"href":"https:\/\/www.bsrz.ch\/website\/wp-json\/wp\/v2\/posts"}],"about":[{"href":"https:\/\/www.bsrz.ch\/website\/wp-json\/wp\/v2\/types\/post"}],"author":[{"embeddable":true,"href":"https:\/\/www.bsrz.ch\/website\/wp-json\/wp\/v2\/users\/1"}],"replies":[{"embeddable":true,"href":"https:\/\/www.bsrz.ch\/website\/wp-json\/wp\/v2\/comments?post=6006"}],"version-history":[{"count":2,"href":"https:\/\/www.bsrz.ch\/website\/wp-json\/wp\/v2\/posts\/6006\/revisions"}],"predecessor-version":[{"id":6008,"href":"https:\/\/www.bsrz.ch\/website\/wp-json\/wp\/v2\/posts\/6006\/revisions\/6008"}],"wp:attachment":[{"href":"https:\/\/www.bsrz.ch\/website\/wp-json\/wp\/v2\/media?parent=6006"}],"wp:term":[{"taxonomy":"category","embeddable":true,"href":"https:\/\/www.bsrz.ch\/website\/wp-json\/wp\/v2\/categories?post=6006"},{"taxonomy":"post_tag","embeddable":true,"href":"https:\/\/www.bsrz.ch\/website\/wp-json\/wp\/v2\/tags?post=6006"}],"curies":[{"name":"wp","href":"https:\/\/api.w.org\/{rel}","templated":true}]}}