{"id":6114,"date":"2020-03-16T20:05:26","date_gmt":"2020-03-16T19:05:26","guid":{"rendered":"https:\/\/www.bsrz.ch\/website\/?p=6114"},"modified":"2020-06-16T20:06:28","modified_gmt":"2020-06-16T18:06:28","slug":"skitourenwochende-im-goms-7-8-maerz-2020","status":"publish","type":"post","link":"https:\/\/www.bsrz.ch\/website\/2020\/03\/16\/skitourenwochende-im-goms-7-8-maerz-2020\/","title":{"rendered":"Skitourenwochende im Goms &#8211; 7.\/8. M\u00e4rz 2020"},"content":{"rendered":"\n<p class=\"wp-block-paragraph\">In der gleichen Besetzung wie <a href=\"https:\/\/www.bsrz.ch\/website\/2019\/03\/06\/skitourenwochenende-im-aostatal-02-03-maerz-2019\/\">vor einem Jahr<\/a> trafen wir uns im Zug in Richtung Wallis. Wir hatten ein Skitourenwochenende mit Pulverschnee und einer recht guten Wetterprognose vor uns. Nach der rund zweist\u00fcndigen Anfahrt hatten wir den ersten Schneekontakt. Die Strassen von Ulrichen waren weiss und es schneite dicke Flocken. Mit den Fellen ging es in die H\u00f6he. Auf den S\u00fcdosth\u00e4ngen \u00fcber Ulrichen stiegen wir durch den Wald und \u00fcber den Wald. Der Schneefall wurde von der Sonne abgel\u00f6st. Wir liessen den Gipfel des Sidelhorns aus um vom sch\u00f6nen Pulverschnee profitieren zu k\u00f6nnen. Leider hat die Sonne Anfangs M\u00e4rz schon viel Kraft und verwandelte den leichten Pulver oberhalb des Waldes in schweren Schnee. Im Wald fanden wir dann doch noch den versprochenen Pulverschnee. Oben und unten machte ich mit meinen Skis jedem Schneepflug Konkurrenz.<\/p>\n\n\n\n<p class=\"wp-block-paragraph\">Wieder unten im Tal teilten wir uns auf. Entweder genoss man am Nachmittag die Sonne auf der Restaurantterrasse oder man tobte sich an den S\u00fcdosth\u00e4ngen noch einmal aus. Zum Nachtessen trafen wir uns im Hotel in Reckingen wieder. Bei guten Gespr\u00e4chen und feinem Essen hatten wir einen abwechslungsreichen Abend und konnten auch noch die Tourenplanung f\u00fcr den zweiten Tag angehen.<\/p>\n\n\n\n<p class=\"wp-block-paragraph\">Nach dem Sonntagsfr\u00fchst\u00fcck ging es diesmal direkt von Reckingen los. Durch die W\u00e4lder stiegen wir auf einer steilen Spur wieder in die H\u00f6he. Im Gegensatz zum Samstag waren wir heute nicht alleine. Es schien DAS Ziel zu sein. Unser Ziel war das S\u00e4delhorn. Vor dem S\u00e4delhorn erreichten wir eine Krete. Der Aufstieg auf diese Krete verlief durch den allersch\u00f6nsten Pulverschnee und wir konnten nicht verzichten. So liessen wir einmal mehr den Gipfel aus &#8211; da sind wir inzwischen Profis &#8211; und konnten die ersten Linien in den unber\u00fchrten Schnee zeichnen. Wir hatten schon fast ein wenig Angst, dass uns eine Gruppe zuvor k\u00e4me. Im &#8222;Ch\u00e4ller&#8220; angekommen stiegen wir mit den Skis noch einmal auf Richtung Stockji. So konnten wir doch noch einen Gipfel verzeichnen. <\/p>\n\n\n\n<p class=\"wp-block-paragraph\">Vom Stockji hatten wir die Wahl zwischen dem Spatz (Aufstiegsroute mit bekannt gutem Pulverschnee danach Traverse) oder der Taube (Traverse auf dem Grat, Abfahrt \u00fcber R\u00fccken und Waldschneise). Wir w\u00e4hlten die Taube und bereuten nach den ersten Schw\u00fcngen unsere Wahl fast schon ein bisschen. Der Grat und der R\u00fccken hatten am Tag zuvor schon eine ordentliche Portion Sonne und Wind erhalten und hatten eine harte Kruste. Die Waldschneise vers\u00f6hnte uns aber mit den ersten Metern und wir kamen dadurch auch bei der zweiten Abfahrt noch in den Genuss von wunderbarem Pulverschnee. <\/p>\n\n\n\n<p class=\"wp-block-paragraph\">Wir liessen das Wochenende im Restaurant ausklingen und reisten dann mit dem Zug zusammen mit vielen anderen wieder nach Hause.<\/p>\n\n\n\n<p class=\"wp-block-paragraph\"> Fazit: Wenn man die Wahl hat zwischen Spatz und Taube, w\u00e4hlt man mit Bedacht ;-). Vielen Dank an B\u00e4rni f\u00fcr die Organisation, das Spuren und die Pulverschneeh\u00e4nge.<\/p>\n\n\n\n<p class=\"wp-block-paragraph\">Teilnehmer: B\u00e4rni, Simon A., Yannik, Pesche, Simon K. und Susanne <\/p>\n\n\n\n<p class=\"wp-block-paragraph\">Text: Susanne<br>Fotos: Yannik <\/p>\n\n\n\nngg_shortcode_0_placeholder\n\n\n\n<p class=\"wp-block-paragraph\">  <\/p>\n\n\n\n<p class=\"wp-block-paragraph\"><\/p>\n","protected":false},"excerpt":{"rendered":"<p>In der gleichen Besetzung wie vor einem Jahr trafen wir uns im Zug in Richtung Wallis. Wir hatten ein Skitourenwochenende mit Pulverschnee und einer recht guten Wetterprognose vor uns. Nach &#8230; <a title=\"Skitourenwochende im Goms &#8211; 7.\/8. M\u00e4rz 2020\" class=\"read-more\" href=\"https:\/\/www.bsrz.ch\/website\/2020\/03\/16\/skitourenwochende-im-goms-7-8-maerz-2020\/\" aria-label=\"Mehr Informationen \u00fcber Skitourenwochende im Goms &#8211; 7.\/8. M\u00e4rz 2020\">Weiterlesen<\/a><\/p>\n","protected":false},"author":6,"featured_media":0,"comment_status":"closed","ping_status":"closed","sticky":false,"template":"","format":"standard","meta":{"ngg_post_thumbnail":0,"_EventAllDay":false,"_EventTimezone":"","_EventStartDate":"","_EventEndDate":"","_EventStartDateUTC":"","_EventEndDateUTC":"","_EventShowMap":false,"_EventShowMapLink":false,"_EventURL":"","_EventCost":"","_EventCostDescription":"","_EventCurrencySymbol":"","_EventCurrencyCode":"","_EventCurrencyPosition":"","_EventDateTimeSeparator":"","_EventTimeRangeSeparator":"","_EventOrganizerID":[],"_EventVenueID":[],"_OrganizerEmail":"","_OrganizerPhone":"","_OrganizerWebsite":"","_VenueAddress":"","_VenueCity":"","_VenueCountry":"","_VenueProvince":"","_VenueState":"","_VenueZip":"","_VenuePhone":"","_VenueURL":"","_VenueStateProvince":"","_VenueLat":"","_VenueLng":"","_VenueShowMap":false,"_VenueShowMapLink":false,"footnotes":""},"categories":[87],"tags":[72],"class_list":["post-6114","post","type-post","status-publish","format-standard","hentry","category-berichte-2020","tag-skitour"],"_links":{"self":[{"href":"https:\/\/www.bsrz.ch\/website\/wp-json\/wp\/v2\/posts\/6114","targetHints":{"allow":["GET"]}}],"collection":[{"href":"https:\/\/www.bsrz.ch\/website\/wp-json\/wp\/v2\/posts"}],"about":[{"href":"https:\/\/www.bsrz.ch\/website\/wp-json\/wp\/v2\/types\/post"}],"author":[{"embeddable":true,"href":"https:\/\/www.bsrz.ch\/website\/wp-json\/wp\/v2\/users\/6"}],"replies":[{"embeddable":true,"href":"https:\/\/www.bsrz.ch\/website\/wp-json\/wp\/v2\/comments?post=6114"}],"version-history":[{"count":8,"href":"https:\/\/www.bsrz.ch\/website\/wp-json\/wp\/v2\/posts\/6114\/revisions"}],"predecessor-version":[{"id":6182,"href":"https:\/\/www.bsrz.ch\/website\/wp-json\/wp\/v2\/posts\/6114\/revisions\/6182"}],"wp:attachment":[{"href":"https:\/\/www.bsrz.ch\/website\/wp-json\/wp\/v2\/media?parent=6114"}],"wp:term":[{"taxonomy":"category","embeddable":true,"href":"https:\/\/www.bsrz.ch\/website\/wp-json\/wp\/v2\/categories?post=6114"},{"taxonomy":"post_tag","embeddable":true,"href":"https:\/\/www.bsrz.ch\/website\/wp-json\/wp\/v2\/tags?post=6114"}],"curies":[{"name":"wp","href":"https:\/\/api.w.org\/{rel}","templated":true}]}}