{"id":6211,"date":"2020-07-06T19:48:51","date_gmt":"2020-07-06T17:48:51","guid":{"rendered":"https:\/\/www.bsrz.ch\/website\/?p=6211"},"modified":"2021-07-04T19:26:54","modified_gmt":"2021-07-04T17:26:54","slug":"bsr-hochtour-4-5-juli-2020","status":"publish","type":"post","link":"https:\/\/www.bsrz.ch\/website\/2020\/07\/06\/bsr-hochtour-4-5-juli-2020\/","title":{"rendered":"BSR-Hochtour &#8211; 4.\/5. Juli 2020"},"content":{"rendered":"\n<p class=\"wp-block-paragraph\">Am Samstag um 09:05 Uhr war Abfahrt vom Kurzparking Bern f\u00fcr unser Wochenendabenteuer. Vorne im Auto sassen Simon K. am Steuer und Susanne auf dem Beifahrersitz, auf der R\u00fcckbank war der zweite Simon B. und Lea. Unser Vierergespann war auf dem Weg zum Sustenpass, wo wir nach gut 2h Fahrt auch ankamen. Die Parkplatzsuche stellte sich als erste Herausforderung des Wochenendes heraus. Also stellten wir unser Auto beim Restaurant \u201eSustenbr\u00fcggli\u201c ab und gingen erstmal was trinken. Zwei Schweinsw\u00fcrstli mit Kartoffelsalat und zwei Aprikosenw\u00e4hen sp\u00e4ter durften wir sogar unser Auto neben dem des Wirts des Sustenbr\u00fcggli stehen lassen.<\/p>\n\n\n\n<!--more-->\n\n\n\n<p class=\"wp-block-paragraph\">Gut gen\u00e4hrt kletterten wir auf dem Leiterliweg in einer guten Stunde zur Sustlih\u00fctte des SAC. Dort warfen wir Ballast ab und gingen hoch in den Klettergarten. Susanne erkl\u00e4rte uns als Tourenleiterin professionell den Gang auf dem Gletscher am Seil und den Flaschenzug \u00fcbten wir bei dieser Gelegenheit auch noch gleich. Nach einer kurzen Kletterpartie im Klettergarten war es dann auch schon bald Zeit f\u00fcrs Abendessen.<\/p>\n\n\n\n<p class=\"wp-block-paragraph\">Das Znacht entsch\u00e4digte uns vollends f\u00fcrs fehlende Ap\u00e9ropl\u00e4ttli: es gab eine leckere Gerstensuppe, Salat, Polenta mit geschmortem Fleisch und Gem\u00fcse, sowie eine Bananen-Schoggi-Cr\u00e8me zum Dessert.<\/p>\n\n\n\n<p class=\"wp-block-paragraph\">Zeitig gingen wir ins Bett, um uns f\u00fcr den fr\u00fchen Start am n\u00e4chsten Morgen auszuruhen. Dank Corona durften wir Kopf an Fuss schlafen. Abgesehen davon und den Desinfektionsmittel-Stationen war aber vieles wie gewohnt.<\/p>\n\n\n\n<p class=\"wp-block-paragraph\">Die Nacht war auch gewohnt erholsam f\u00fcr eine SAC-H\u00fctte, inklusive einem kollektiven Gang zu den Toiletten um 02:45 Uhr. P\u00fcnktlich um 06:30 Uhr f\u00fcllten wir unsere Flaschen mit Marschtee und setzten uns an den Fr\u00fchst\u00fcckstisch.<\/p>\n\n\n\n<p class=\"wp-block-paragraph\">In Bergf\u00fchrermanier musste Susanne auf ihre Sch\u00e4fli warten, bis dann alle gesonnencr\u00e8mt, toilettiert und die R\u00fccks\u00e4cke gesattelt hatten. Auf los geht\u2019s los und schon waren wir auf dem Wanderweg Richtung Grassen.<\/p>\n\n\n\n<p class=\"wp-block-paragraph\">Nach einer guten Stunde und drei Schneefeldern war es Zeit f\u00fcr eine kleine Zwischenverpflegung. Gest\u00e4rkt warfen wir uns in unsere Klettergurte und schnallten die Steigeisen an. Simon B. bildete den Kopf unserer Seilschaft, gefolgt von Simon K., Lea und Susanne. Sanft steigend ging es herauf zum St\u00f6ssensattel, gefolgt von einer etwas unsanfteren Steigung. Oben auf dem Grat wechselte sich Mondlandschaft mit Schneefeldern ab, in denen der Schnee von der Sonne langsam aufgeweicht wurde. 3.75 Stunden waren wir insgesamt unterwegs gewesen, als wir den Gipfel des Grassen auf 2\u2018946 m.\u00fc.M. erreichten. Nach einem kurzen Gipfelsnack und \u2013selfie machten wir uns gleich wieder an den Abstieg.<\/p>\n\n\n\n<p class=\"wp-block-paragraph\">Simon B. und Lea entschieden sich f\u00fcr den Abstieg ohne Steigeisen. So gings auch gleich viel schneller zur\u00fcck \u00fcber den Grat und dann den Direktweg nach unten auf den Gletscher. Zuerst noch zu Fuss mit dem Pickel als St\u00fctze, dann die Expressvariante auf dem Hosenboden bis es wieder flacher wurde. Die Mittagssonne stand schon hoch am Himmel, und so war die N\u00e4sse am Allerwertesten eine willkommene Erfrischung.<\/p>\n\n\n\n<p class=\"wp-block-paragraph\">Bald darauf erreichten wir wieder Fels und konnten Steigeisen und Klettergurt sowie die Jacken im Rucksack versorgen. Mit Aussicht auf Zmittag in der H\u00fctte liefen wir \u00fcber den Wanderweg zur\u00fcck. Gerade rechtzeitig zur Bestellung der letzten vier Portionen \u00c4lplermagronen kamen wir um 12:45 Uhr wieder in der H\u00fctte an. Super lecker!<\/p>\n\n\n\n<p class=\"wp-block-paragraph\">Auch die letzte Stunde blieb nicht ohne Abenteuer: nachdem wir den normalen Wanderweg von der Sustlih\u00fctte zum Restaurant Sustenbr\u00fcggli gelaufen waren, durften wir die REGA hautnah in Aktion erleben. Hoffentlich geht es dem Patienten gut!<\/p>\n\n\n\n<p class=\"wp-block-paragraph\">Dann ging es mit dem Auto \u00fcber Luzern zur\u00fcck nach Bern. M\u00fcde aber gl\u00fccklich verabschiedeten wir uns Corona-konform mit Fuss-Schlag (?) am Kurzparking. Danke f\u00fcr die Organisation und Leitung dieses unvergesslichen Wochenendes, Susanne!<\/p>\n\n\n\n<p class=\"wp-block-paragraph\">Text: Lea<br>Fotos: Simon B., Susanne, Simon K.<\/p>\n\n\n\nngg_shortcode_0_placeholder\n","protected":false},"excerpt":{"rendered":"<p>Am Samstag um 09:05 Uhr war Abfahrt vom Kurzparking Bern f\u00fcr unser Wochenendabenteuer. Vorne im Auto sassen Simon K. am Steuer und Susanne auf dem Beifahrersitz, auf der R\u00fcckbank war &#8230; <a title=\"BSR-Hochtour &#8211; 4.\/5. Juli 2020\" class=\"read-more\" href=\"https:\/\/www.bsrz.ch\/website\/2020\/07\/06\/bsr-hochtour-4-5-juli-2020\/\" aria-label=\"Mehr Informationen \u00fcber BSR-Hochtour &#8211; 4.\/5. Juli 2020\">Weiterlesen<\/a><\/p>\n","protected":false},"author":7,"featured_media":6326,"comment_status":"closed","ping_status":"closed","sticky":false,"template":"","format":"standard","meta":{"ngg_post_thumbnail":0,"_EventAllDay":false,"_EventTimezone":"","_EventStartDate":"","_EventEndDate":"","_EventStartDateUTC":"","_EventEndDateUTC":"","_EventShowMap":false,"_EventShowMapLink":false,"_EventURL":"","_EventCost":"","_EventCostDescription":"","_EventCurrencySymbol":"","_EventCurrencyCode":"","_EventCurrencyPosition":"","_EventDateTimeSeparator":"","_EventTimeRangeSeparator":"","_EventOrganizerID":[],"_EventVenueID":[],"_OrganizerEmail":"","_OrganizerPhone":"","_OrganizerWebsite":"","_VenueAddress":"","_VenueCity":"","_VenueCountry":"","_VenueProvince":"","_VenueState":"","_VenueZip":"","_VenuePhone":"","_VenueURL":"","_VenueStateProvince":"","_VenueLat":"","_VenueLng":"","_VenueShowMap":false,"_VenueShowMapLink":false,"footnotes":""},"categories":[87],"tags":[95],"class_list":["post-6211","post","type-post","status-publish","format-standard","has-post-thumbnail","hentry","category-berichte-2020","tag-hochtour"],"_links":{"self":[{"href":"https:\/\/www.bsrz.ch\/website\/wp-json\/wp\/v2\/posts\/6211","targetHints":{"allow":["GET"]}}],"collection":[{"href":"https:\/\/www.bsrz.ch\/website\/wp-json\/wp\/v2\/posts"}],"about":[{"href":"https:\/\/www.bsrz.ch\/website\/wp-json\/wp\/v2\/types\/post"}],"author":[{"embeddable":true,"href":"https:\/\/www.bsrz.ch\/website\/wp-json\/wp\/v2\/users\/7"}],"replies":[{"embeddable":true,"href":"https:\/\/www.bsrz.ch\/website\/wp-json\/wp\/v2\/comments?post=6211"}],"version-history":[{"count":7,"href":"https:\/\/www.bsrz.ch\/website\/wp-json\/wp\/v2\/posts\/6211\/revisions"}],"predecessor-version":[{"id":6225,"href":"https:\/\/www.bsrz.ch\/website\/wp-json\/wp\/v2\/posts\/6211\/revisions\/6225"}],"wp:featuredmedia":[{"embeddable":true,"href":"https:\/\/www.bsrz.ch\/website\/wp-json\/wp\/v2\/media\/6326"}],"wp:attachment":[{"href":"https:\/\/www.bsrz.ch\/website\/wp-json\/wp\/v2\/media?parent=6211"}],"wp:term":[{"taxonomy":"category","embeddable":true,"href":"https:\/\/www.bsrz.ch\/website\/wp-json\/wp\/v2\/categories?post=6211"},{"taxonomy":"post_tag","embeddable":true,"href":"https:\/\/www.bsrz.ch\/website\/wp-json\/wp\/v2\/tags?post=6211"}],"curies":[{"name":"wp","href":"https:\/\/api.w.org\/{rel}","templated":true}]}}