{"id":6268,"date":"2020-09-14T22:23:52","date_gmt":"2020-09-14T20:23:52","guid":{"rendered":"https:\/\/www.bsrz.ch\/website\/?p=6268"},"modified":"2020-09-14T22:23:53","modified_gmt":"2020-09-14T20:23:53","slug":"bsr-wanderung-morgenberghorn-5-september-2020","status":"publish","type":"post","link":"https:\/\/www.bsrz.ch\/website\/2020\/09\/14\/bsr-wanderung-morgenberghorn-5-september-2020\/","title":{"rendered":"BSR &#8211; Wanderung Morgenberghorn &#8211; 5. September 2020"},"content":{"rendered":"\n<p class=\"wp-block-paragraph\">An einem wundersch\u00f6nen Samstagmorgen begaben wir uns auf den Weg zum Morgenberghorn. Wir, neun Personen, f\u00fcnf von der BSR und vier G\u00e4ste\u200b,\u200b traf\u200ben uns um 8:15Uhr beim Restaurant Pochtenfall. Das war der Plan. Da das erste Auto aber ein wenig fr\u00fcher war und optimistisch bereits bis zur Alp Schlierli weiter fuhr, musste der zweite Wagen f\u00fcr alle Parktickets schauen. Dank der vorausschauenden Susanne mussten wir f\u00fcr das zweite Ticket nur einen kurzen Weg zur\u00fcckfahren. \u200bDanke Susanne.<\/p>\n\n\n\n<p class=\"wp-block-paragraph\">\u200b\u200bDann um 8:30Uhr starteten wir\u200b,\u200b wie geplant\u200b,\u200b in Richtung Morgenberghorn. Der Weg steil, die Stimmung gut, das Wetter top. So erreichten wir nach 2h und 10min den Gipfel des Morgenberghorns. Wir genossen die traumhafte Aussicht bei einem z&#8217;Mittag aus de\u200bm\u200b Rucksack und fragten uns schon fast was wir am Nachmittag noch machen. \ud83d\ude09\u00a0<\/p>\n\n\n\n<p class=\"wp-block-paragraph\">Wir traten wie geplant den R\u00fcckweg \u00fcber den Grat Richtung\u00a0Rengglipass an und wanderten gem\u00fctlich \u200bzur\u00a0Alp Schlierli zur\u00fcck. Unterwegs wurde \u00fcber\u200b, mit Meinungen von Bern bis Z\u00fcrich, \u00fcber\u200b\u200b die Abstimmungen vom 27. September \u200bpolitisiert\u00a0und\u200b schon kurz darauf waren wir zur\u00fcck beim Auto\u200b\u200b. \u200b\u200bZum Schluss der Wanderung begaben wir uns noch ins Restaurant Poch\u200bt\u200benfall\u200b,\u200b wo wir von der Kinderglace bis zum Coupe D\u00e4nemark alles als runden Abschluss genossen. Danke f\u00fcr die super Organisation, es war \u200btoll.<\/p>\n\n\n\n<p class=\"wp-block-paragraph\">Teilnehmer: \u200bSimon (2x), Susanne, Heidi, Kurt, Erika, Martin, Esther\u200b und Yannik\u200b<br>Text und Fotos: Yannik<\/p>\n\n\n\nngg_shortcode_0_placeholder\n\n\n\n<p class=\"wp-block-paragraph\"><\/p>\n","protected":false},"excerpt":{"rendered":"<p>An einem wundersch\u00f6nen Samstagmorgen begaben wir uns auf den Weg zum Morgenberghorn. Wir, neun Personen, f\u00fcnf von der BSR und vier G\u00e4ste\u200b,\u200b traf\u200ben uns um 8:15Uhr beim Restaurant Pochtenfall. Das &#8230; <a title=\"BSR &#8211; Wanderung Morgenberghorn &#8211; 5. September 2020\" class=\"read-more\" href=\"https:\/\/www.bsrz.ch\/website\/2020\/09\/14\/bsr-wanderung-morgenberghorn-5-september-2020\/\" aria-label=\"Mehr Informationen \u00fcber BSR &#8211; Wanderung Morgenberghorn &#8211; 5. September 2020\">Weiterlesen<\/a><\/p>\n","protected":false},"author":4,"featured_media":6280,"comment_status":"closed","ping_status":"closed","sticky":false,"template":"","format":"standard","meta":{"ngg_post_thumbnail":0,"_EventAllDay":false,"_EventTimezone":"","_EventStartDate":"","_EventEndDate":"","_EventStartDateUTC":"","_EventEndDateUTC":"","_EventShowMap":false,"_EventShowMapLink":false,"_EventURL":"","_EventCost":"","_EventCostDescription":"","_EventCurrencySymbol":"","_EventCurrencyCode":"","_EventCurrencyPosition":"","_EventDateTimeSeparator":"","_EventTimeRangeSeparator":"","_EventOrganizerID":[],"_EventVenueID":[],"_OrganizerEmail":"","_OrganizerPhone":"","_OrganizerWebsite":"","_VenueAddress":"","_VenueCity":"","_VenueCountry":"","_VenueProvince":"","_VenueState":"","_VenueZip":"","_VenuePhone":"","_VenueURL":"","_VenueStateProvince":"","_VenueLat":"","_VenueLng":"","_VenueShowMap":false,"_VenueShowMapLink":false,"footnotes":""},"categories":[87],"tags":[96,86,80],"class_list":["post-6268","post","type-post","status-publish","format-standard","has-post-thumbnail","hentry","category-berichte-2020","tag-bsr","tag-wandern","tag-wanderung"],"_links":{"self":[{"href":"https:\/\/www.bsrz.ch\/website\/wp-json\/wp\/v2\/posts\/6268","targetHints":{"allow":["GET"]}}],"collection":[{"href":"https:\/\/www.bsrz.ch\/website\/wp-json\/wp\/v2\/posts"}],"about":[{"href":"https:\/\/www.bsrz.ch\/website\/wp-json\/wp\/v2\/types\/post"}],"author":[{"embeddable":true,"href":"https:\/\/www.bsrz.ch\/website\/wp-json\/wp\/v2\/users\/4"}],"replies":[{"embeddable":true,"href":"https:\/\/www.bsrz.ch\/website\/wp-json\/wp\/v2\/comments?post=6268"}],"version-history":[{"count":4,"href":"https:\/\/www.bsrz.ch\/website\/wp-json\/wp\/v2\/posts\/6268\/revisions"}],"predecessor-version":[{"id":6281,"href":"https:\/\/www.bsrz.ch\/website\/wp-json\/wp\/v2\/posts\/6268\/revisions\/6281"}],"wp:featuredmedia":[{"embeddable":true,"href":"https:\/\/www.bsrz.ch\/website\/wp-json\/wp\/v2\/media\/6280"}],"wp:attachment":[{"href":"https:\/\/www.bsrz.ch\/website\/wp-json\/wp\/v2\/media?parent=6268"}],"wp:term":[{"taxonomy":"category","embeddable":true,"href":"https:\/\/www.bsrz.ch\/website\/wp-json\/wp\/v2\/categories?post=6268"},{"taxonomy":"post_tag","embeddable":true,"href":"https:\/\/www.bsrz.ch\/website\/wp-json\/wp\/v2\/tags?post=6268"}],"curies":[{"name":"wp","href":"https:\/\/api.w.org\/{rel}","templated":true}]}}