{"id":6953,"date":"2022-01-19T18:44:17","date_gmt":"2022-01-19T17:44:17","guid":{"rendered":"https:\/\/www.bsrz.ch\/website\/?p=6953"},"modified":"2026-03-08T20:01:20","modified_gmt":"2026-03-08T19:01:20","slug":"skitour-zum-winterhore-15-januar-2022","status":"publish","type":"post","link":"https:\/\/www.bsrz.ch\/website\/2022\/01\/19\/skitour-zum-winterhore-15-januar-2022\/","title":{"rendered":"Skitour zum Winterhore &#8211; 15. Januar 2022"},"content":{"rendered":"\n<p class=\"wp-block-paragraph\">Am Samstag ging es los mit der offiziell ersten Vereins-Skitour der Saison. Diese wurde von Manfred unserem Bergf\u00fchrer organisiert. Gerne m\u00f6chte ich euch nun mit meinem Bericht einen kleinen Einblick auf die vergangene Tour geben.<\/p>\n\n\n\n<p class=\"wp-block-paragraph\">Ich habe mit Simu A. abgemacht,\u00a0dass wir um 05.54 in M\u00fcnchenbuchsee auf den Bus gehen, damit wir noch gen\u00fcgend Zeit haben in Bern um Proviant f\u00fcr den anstehenden Tag zu besorgen. Genau hier beginnt die Reise bereits mit einem kleinen H\u00f6hepunkt (jedenfalls f\u00fcr mich). Ich wartete also wie immer p\u00fcnktlich an der Bushaltestelle, von Simu jedoch noch keine Spur&#8230; Als ich dann meine Maske langsam anzog, der Bus ankam und ich einstieg, war von Simu A. immer noch nichts zu sehen. Ich hatte mein Gep\u00e4ck bereits deponiert, wollte schon absitzen, da der Bus bereits leicht angefahren ist, da h\u00e4mmerte jemand an die Bust\u00fcre. Draussen stand dann Simu A. bereits v\u00f6llig ausser Atem. Der Chauffeur hatte wohl gute Laune und liess ihn freundlicherweise noch einsteigen. V\u00f6llig entkr\u00e4ftigt und laut schnaufend setzte sich Simu A. neben mir an den Platz. Gemeinsam fuhren wir dann Richtung Bern, wo wir dann unsere Verpflegung im Migros Take Away einkauften. Als wir dann im Zug sassen und Simu A. ein wenig an seinem Fr\u00fchst\u00fcckskaffee genippt hatte, kam langsam wieder etwas Farbe in sein Gesicht.<\/p>\n\n\n\n<p class=\"wp-block-paragraph\">In Bern stiegen dann noch Simu K. und Susanne dazu. Nachdem wir uns gegenseitig noch \u201e\u00c4s gutes N\u00f6is\u201c gew\u00fcnscht hatten, (nume d Susanne het niemerem me w\u00f6u\u00e4 \u00e4s guets N\u00f6is w\u00fcnsche) fuhr der Zug dann los Richtung Frutigen. Etwas sp\u00e4ter in Thun stieg dann noch unser BSR-Pr\u00e4sident Yannik dazu. Gemeinsam genossen wir bei einem kleinen Schw\u00e4tzchen noch die Weiterreise bis nach Achseten. Dort erwartete uns dann bereits Manfred und Pesch\u00e4, der mit dem Auto angereist war. Nach einer weiteren Begr\u00fcssungsrunde verluden wir unser Gep\u00e4ck und fuhren mit dem B\u00fcssli von Manfred eine enge Bergstrasse hinauf, soweit es die Strassenverh\u00e4ltnisse zuliessen. Nach der Autofahrt nutzten einige von uns das herrliche Panorama gleich optimal aus und legten eine kleine Zwischenpasue ein um die Blase zu entleeren. Manfred erkl\u00e4rte uns noch das Tagesprogramm und danach ging es auch schon los. Erw\u00e4hnen m\u00f6chte ich an dieser Stelle noch dass Chrigu, heute seinen nagelneuen Ski eingeweiht hat :-).<\/p>\n\n\n\n<p class=\"wp-block-paragraph\">In z\u00fcgigem Schritt liefen wir in Richtung Gipfel unseres Tourenziels, dem Winterhore. Zwischendurch g\u00f6nnte uns Manfred eine kleine Verschnaufpause und gab uns interessante Einblicke wie ein Tal aufgebaut ist und was es beim Heuen speziell zu beachten gibt. Unsere P\u00e4dagogin in der Runde, konnte dann am Ende des Tages die Skitour auch gleich aus Ausbildung verbuchen. Schliesslich kann sie das neu erworbene Wissen dann in der Landschulwoche in Adelboden gleich den Sch\u00fclern weitergeben. Nach ca. 4 Std. 50 min. erreichten wir gut gelaunt den Gipfel vom Winterhore, \u201eHeja\u201c. Seit ich auf Skitouren mitgehen darf, habe ich\u00a0noch nie solch eine gute Aussicht gehabt. Das Panorama war absolut genial, sogar bis nach Deutschland und nach Frankreich konnten wir sehen. Selbstverst\u00e4ndlich gab uns Manfred auch noch etwas Gipfelkunde und erkl\u00e4rte uns die Berge rundherum. Danach hiess es bereits wieder die Ski anschnallen und sich auf die Talabfahrt begeben. Ich freute mich, meinen neuen Ski endlich zu testen. Nach dem ersten Hang war ich begeistert vom neuen Ski und konnte die Talabfahrt geniessen. Nach etwa einem Drittel der Abfahrt, banden wir uns die Ski v\u00f6llig freiwillig auf den Rucksack und stiegen \u00fcber einen schmalen Grat zum n\u00e4chsten Platz, von wo wir wieder mit den Ski weiterfahren konnten. F\u00fcr mich war dieser Grat ziemlich anstrengend, da ich mich aus bestimmten Gr\u00fcnden etwas verkrampfte. Unser Bergf\u00fchrer lotste mich aber sehr gekonnt und sicher \u00fcber den Grat. Am Ende des Grates angekommen, legten wir eine Pause ein und genossen noch das herrliche Wetter (und ich konnte mich noch etwas erholen von der Gratwanderung \ud83d\ude42 ). Manfred instruierte uns noch kurz, wie auf dem n\u00e4chsten Abschnitt zu fahren sei, und betonte noch, dass wir die L\u00f6cher, welche wir sahen, unbedingt meiden sollten. Nachdem wir dann nach der Pause bereits ein kleines St\u00fcck abgefahren sind,\u00a0passierte es:<\/p>\n\n\n\n<p class=\"wp-block-paragraph\">Yannik zog eine wundersch\u00f6ne Abfahrtsspur in den Schnee, bis auf einmal nur noch eine weisse Wolke zu sehen war (\u00e4s het richtig gst\u00fcbt s\u00e4gi \u00f6ich). Y\u00e4nnu streckte die F\u00fcsse in die Luft und ein Ski wollte wohl auch noch etwas das sch\u00f6ne Panorama geniessen und nahm einen sch\u00f6nen Flug Richtung Talboden (gef\u00fchlt). So etwas hat noch nicht mal Chrigu geschafft :-). Als Yannik wieder komplett ausger\u00fcstet bei uns ankam, setzten wir unsere Talabfahrt fort. Die Schneeverh\u00e4ltnisse h\u00e4tten sicher etwas besser sein k\u00f6nnen, wir haben aber das Optimum herausholen k\u00f6nnen dank unserer Routenwahl.<\/p>\n\n\n\n<p class=\"wp-block-paragraph\">Gl\u00fccklich aber etwas ersch\u00f6pft von einer spektakul\u00e4ren 1. Skitour diese Saison kamen wir wieder an unserem Ausgangspunkt in Achseten an. Etwas ausgetrocknet genehmigten wir uns noch ein feines Erfrischungsgetr\u00e4nk im dortigen Kiosk. Gemeinsam plauderten wir noch etwas \u00fcber das Erlebte und verabschiedeten uns dann um 16.37 Uhr Richtung Bern. Auf der Heimreise wurden dann bereits fleissig Bilder hochgeladen und angeschaut. Der eine oder andere Schnapsschuss ist uns sicherlich auch dieses Mal gelungen :-).<\/p>\n\n\n\n<p class=\"wp-block-paragraph\">Es war wiederum eine ganz sch\u00f6ne Skitour, welche wir erleben durften.<\/p>\n\n\n\n<p class=\"wp-block-paragraph\">Ich w\u00fcnsche allen Teilnehmer noch ganz gute Erholung und am Montag einen guten Wochenstart, hoffentlich ohne Muskelkater ;-).<\/p>\n\n\n\n<p class=\"wp-block-paragraph\">Teilnehmer: Simon A., Yannik, Simon K., Christian, Susanne, Peter B. mit Bergf\u00fchrer Manfred Inniger<br>Text: Christian<br>Fotos: Yannik, Simon K., Susanne<br><\/p>\n\n\n\nngg_shortcode_0_placeholder\n","protected":false},"excerpt":{"rendered":"<p>Am Samstag ging es los mit der offiziell ersten Vereins-Skitour der Saison. Diese wurde von Manfred unserem Bergf\u00fchrer organisiert. Gerne m\u00f6chte ich euch nun mit meinem Bericht einen kleinen Einblick &#8230; <a title=\"Skitour zum Winterhore &#8211; 15. Januar 2022\" class=\"read-more\" href=\"https:\/\/www.bsrz.ch\/website\/2022\/01\/19\/skitour-zum-winterhore-15-januar-2022\/\" aria-label=\"Mehr Informationen \u00fcber Skitour zum Winterhore &#8211; 15. Januar 2022\">Weiterlesen<\/a><\/p>\n","protected":false},"author":7,"featured_media":6963,"comment_status":"closed","ping_status":"closed","sticky":false,"template":"","format":"standard","meta":{"ngg_post_thumbnail":0,"_EventAllDay":false,"_EventTimezone":"","_EventStartDate":"","_EventEndDate":"","_EventStartDateUTC":"","_EventEndDateUTC":"","_EventShowMap":false,"_EventShowMapLink":false,"_EventURL":"","_EventCost":"","_EventCostDescription":"","_EventCurrencySymbol":"","_EventCurrencyCode":"","_EventCurrencyPosition":"","_EventDateTimeSeparator":"","_EventTimeRangeSeparator":"","_EventOrganizerID":[],"_EventVenueID":[],"_OrganizerEmail":"","_OrganizerPhone":"","_OrganizerWebsite":"","_VenueAddress":"","_VenueCity":"","_VenueCountry":"","_VenueProvince":"","_VenueState":"","_VenueZip":"","_VenuePhone":"","_VenueURL":"","_VenueStateProvince":"","_VenueLat":"","_VenueLng":"","_VenueShowMap":false,"_VenueShowMapLink":false,"footnotes":""},"categories":[107],"tags":[96,154,159,72,158],"class_list":["post-6953","post","type-post","status-publish","format-standard","has-post-thumbnail","hentry","category-berichte-2022","tag-bsr","tag-manfred-inniger","tag-niesenkette","tag-skitour","tag-winterhore"],"_links":{"self":[{"href":"https:\/\/www.bsrz.ch\/website\/wp-json\/wp\/v2\/posts\/6953","targetHints":{"allow":["GET"]}}],"collection":[{"href":"https:\/\/www.bsrz.ch\/website\/wp-json\/wp\/v2\/posts"}],"about":[{"href":"https:\/\/www.bsrz.ch\/website\/wp-json\/wp\/v2\/types\/post"}],"author":[{"embeddable":true,"href":"https:\/\/www.bsrz.ch\/website\/wp-json\/wp\/v2\/users\/7"}],"replies":[{"embeddable":true,"href":"https:\/\/www.bsrz.ch\/website\/wp-json\/wp\/v2\/comments?post=6953"}],"version-history":[{"count":3,"href":"https:\/\/www.bsrz.ch\/website\/wp-json\/wp\/v2\/posts\/6953\/revisions"}],"predecessor-version":[{"id":6967,"href":"https:\/\/www.bsrz.ch\/website\/wp-json\/wp\/v2\/posts\/6953\/revisions\/6967"}],"wp:featuredmedia":[{"embeddable":true,"href":"https:\/\/www.bsrz.ch\/website\/wp-json\/wp\/v2\/media\/6963"}],"wp:attachment":[{"href":"https:\/\/www.bsrz.ch\/website\/wp-json\/wp\/v2\/media?parent=6953"}],"wp:term":[{"taxonomy":"category","embeddable":true,"href":"https:\/\/www.bsrz.ch\/website\/wp-json\/wp\/v2\/categories?post=6953"},{"taxonomy":"post_tag","embeddable":true,"href":"https:\/\/www.bsrz.ch\/website\/wp-json\/wp\/v2\/tags?post=6953"}],"curies":[{"name":"wp","href":"https:\/\/api.w.org\/{rel}","templated":true}]}}