{"id":7153,"date":"2022-08-30T17:30:59","date_gmt":"2022-08-30T15:30:59","guid":{"rendered":"https:\/\/www.bsrz.ch\/website\/?p=7153"},"modified":"2022-08-30T17:31:41","modified_gmt":"2022-08-30T15:31:41","slug":"hochtour-wildhorn-27-28-august-2022","status":"publish","type":"post","link":"https:\/\/www.bsrz.ch\/website\/2022\/08\/30\/hochtour-wildhorn-27-28-august-2022\/","title":{"rendered":"Hochtour \u2013 Wildhorn \u2013 27.\/28. August 2022"},"content":{"rendered":"\n<p class=\"wp-block-paragraph\">Nachdem die Tour aufs Wildhorn letztes Jahr wetterbedingt abgesagt werden musste, ging es diesmal mit umso mehr Motivation los. Am Samstagmorgen besammelten wir uns als kleine Gruppe, bestehend aus Susanne und den beiden Simons K. und B. am Bahnhof Bern und bestiegen den Zug Richtung Oberland.<\/p>\n\n\n\n<!--more-->\n\n\n\n<p class=\"wp-block-paragraph\">Mit der Bahn ging es ins Simmental <a href=\"https:\/\/lenk-simmental.ch\/unser-simmental\/tal-doerfer\/geschichte-tal\/\">an die sch\u00f6ne Lenk<\/a>. Auch wenn es so aussah, als h\u00e4tten wir das Ende des Tals erreicht, so fuhr doch tats\u00e4chlich noch ein Bus auf die Iffigenalp. Diesen bestiegen wir dann, um Energie f\u00fcr den Sonntag zu sparen.<\/p>\n\n\n\n<p class=\"wp-block-paragraph\">Auf der Iffigenalp gab es dann erstmals ein Sandwich um die Energie f\u00fcr den Aufstieg zur H\u00fctte zu tanken und einen Toilettenstop, da ja niemand unn\u00f6tiges Gewicht hochschleppen will.<\/p>\n\n\n\n<p class=\"wp-block-paragraph\">Auf dem Weg zur H\u00fctte kamen wir z\u00fcgig voran, gr\u00fcssten, sch\u00f6n freundlich wie wir sind, alles Fleck-, Braun- und Wandervieh und kamen schon bald an den Iffigsee, welcher uns in wundersch\u00f6nem Blau entgegen strahlte.<\/p>\n\n\n\n<p class=\"wp-block-paragraph\">In der H\u00fctte angekommen, g\u00f6nnten wir uns erstmals eine fl\u00fcssige Erfrischung und ersetzten die verbrauchten Kalorien mittels Aperopl\u00e4ttli.<\/p>\n\n\n\n<p class=\"wp-block-paragraph\">Da das Wetter langsam zuzog und es auf der Terrasse frisch wurde verzogen wir uns ins Innere der H\u00fctte wo wir bei Kuchen in der H\u00fcttenliteratur bl\u00e4tterten.<\/p>\n\n\n\n<p class=\"wp-block-paragraph\">Dabei erfuhren wir, dass das oberhalb der H\u00fctte liegende Schnidejoch bereits in der Jungsteinzeit begangen wurde.<\/p>\n\n\n\n<p class=\"wp-block-paragraph\">Nach einem bodenst\u00e4ndigem Znacht holten wir bei der H\u00fcttenwartin noch die neusten Informationen bez\u00fcglich Zustand und Route der geplanten Tour ein.<\/p>\n\n\n\n<p class=\"wp-block-paragraph\">Danach ging es ins Bett um am n\u00e4chsten Tag frisch und munter den Gipfel zu erklimmen.<\/p>\n\n\n\n<p class=\"wp-block-paragraph\">Am n\u00e4chsten Tag ging es dann nach fr\u00fchem Morgenessen um 05:00 los im Schein der Stirnlampen, welche zuvor noch gesucht werden mussten.<\/p>\n\n\n\n<p class=\"wp-block-paragraph\">Von der H\u00fctte stiegen wir auf dem Wanderweg auf, wo wir kurz unterhalb des besagten Schnidejoch nach rechts auf den Gletscher abbogen. Dabei waren wir froh, dass wir entgegen den von Arch\u00e4ologen entdeckten Lederschuhreste \u00fcber feste Bergschuhe verf\u00fcgten. Da lassen sich auch die Steigeisen viel einfacher montieren. Davon gingen wir jedenfalls aus, wir waren ja schliesslich nicht dabei in der Jungsteinzeit.<\/p>\n\n\n\n<p class=\"wp-block-paragraph\">Da der Gletscher komplett aper war und somit die Spalten f\u00fcr jeden sichtbar, konnten wir auch getrost ohne anseilen dr\u00fcbermarschieren.<\/p>\n\n\n\n<p class=\"wp-block-paragraph\">Nach der ersten Gletscherquerung ging es \u00fcber Ger\u00f6ll und Fels zum n\u00e4chsten Gletscher.<\/p>\n\n\n\n<p class=\"wp-block-paragraph\">Da haben wir gesehen, dass es bei diesen Temperaturen wahrscheinlich die gr\u00f6ssere Gefahr ist, auf einen Blindg\u00e4nger der Schweizer Armee zu treten, als in einen Spalt zu fallen.<\/p>\n\n\n\n<p class=\"wp-block-paragraph\">Nach etwa dreieinhalb Stunden erreichten wir \u00fcber eine der Gletscherschmelze geschuldete leicht ge\u00e4nderte Route und eine weitere Felspartie&nbsp; den Gipfel.<\/p>\n\n\n\n<p class=\"wp-block-paragraph\">Nach dem obligaten Gipfelfoto ging es auf gleichem Weg zur\u00fcck in die H\u00fctte, wo wir uns mit einer R\u00f6sti f\u00fcr das Geschaffte belohnten.<\/p>\n\n\n\n<p class=\"wp-block-paragraph\">Da die verbleibende Zeit bis zum n\u00e4chsten Bus, die Zeit auf dem Wanderwegweiser unterbot, ging es in erh\u00f6htem Tempo zur\u00fcck zur Iffigenalp, wo wir m\u00fcde, aber zufrieden unseren Heimweg antraten.<\/p>\n\n\n\n<p class=\"wp-block-paragraph\">Teilnehmer: Simon B., Susanne, Simon K.<br>Text: Simon B.<br>Fotos: Simon K.<\/p>\n\n\n\nngg_shortcode_0_placeholder\n","protected":false},"excerpt":{"rendered":"<p>Nachdem die Tour aufs Wildhorn letztes Jahr wetterbedingt abgesagt werden musste, ging es diesmal mit umso mehr Motivation los. Am Samstagmorgen besammelten wir uns als kleine Gruppe, bestehend aus Susanne &#8230; <a title=\"Hochtour \u2013 Wildhorn \u2013 27.\/28. August 2022\" class=\"read-more\" href=\"https:\/\/www.bsrz.ch\/website\/2022\/08\/30\/hochtour-wildhorn-27-28-august-2022\/\" aria-label=\"Mehr Informationen \u00fcber Hochtour \u2013 Wildhorn \u2013 27.\/28. August 2022\">Weiterlesen<\/a><\/p>\n","protected":false},"author":7,"featured_media":7160,"comment_status":"closed","ping_status":"closed","sticky":false,"template":"","format":"standard","meta":{"ngg_post_thumbnail":0,"_EventAllDay":false,"_EventTimezone":"","_EventStartDate":"","_EventEndDate":"","_EventStartDateUTC":"","_EventEndDateUTC":"","_EventShowMap":false,"_EventShowMapLink":false,"_EventURL":"","_EventCost":"","_EventCostDescription":"","_EventCurrencySymbol":"","_EventCurrencyCode":"","_EventCurrencyPosition":"","_EventDateTimeSeparator":"","_EventTimeRangeSeparator":"","_EventOrganizerID":[],"_EventVenueID":[],"_OrganizerEmail":"","_OrganizerPhone":"","_OrganizerWebsite":"","_VenueAddress":"","_VenueCity":"","_VenueCountry":"","_VenueProvince":"","_VenueState":"","_VenueZip":"","_VenuePhone":"","_VenueURL":"","_VenueStateProvince":"","_VenueLat":"","_VenueLng":"","_VenueShowMap":false,"_VenueShowMapLink":false,"footnotes":""},"categories":[107],"tags":[96,95],"class_list":["post-7153","post","type-post","status-publish","format-standard","has-post-thumbnail","hentry","category-berichte-2022","tag-bsr","tag-hochtour"],"_links":{"self":[{"href":"https:\/\/www.bsrz.ch\/website\/wp-json\/wp\/v2\/posts\/7153","targetHints":{"allow":["GET"]}}],"collection":[{"href":"https:\/\/www.bsrz.ch\/website\/wp-json\/wp\/v2\/posts"}],"about":[{"href":"https:\/\/www.bsrz.ch\/website\/wp-json\/wp\/v2\/types\/post"}],"author":[{"embeddable":true,"href":"https:\/\/www.bsrz.ch\/website\/wp-json\/wp\/v2\/users\/7"}],"replies":[{"embeddable":true,"href":"https:\/\/www.bsrz.ch\/website\/wp-json\/wp\/v2\/comments?post=7153"}],"version-history":[{"count":2,"href":"https:\/\/www.bsrz.ch\/website\/wp-json\/wp\/v2\/posts\/7153\/revisions"}],"predecessor-version":[{"id":7162,"href":"https:\/\/www.bsrz.ch\/website\/wp-json\/wp\/v2\/posts\/7153\/revisions\/7162"}],"wp:featuredmedia":[{"embeddable":true,"href":"https:\/\/www.bsrz.ch\/website\/wp-json\/wp\/v2\/media\/7160"}],"wp:attachment":[{"href":"https:\/\/www.bsrz.ch\/website\/wp-json\/wp\/v2\/media?parent=7153"}],"wp:term":[{"taxonomy":"category","embeddable":true,"href":"https:\/\/www.bsrz.ch\/website\/wp-json\/wp\/v2\/categories?post=7153"},{"taxonomy":"post_tag","embeddable":true,"href":"https:\/\/www.bsrz.ch\/website\/wp-json\/wp\/v2\/tags?post=7153"}],"curies":[{"name":"wp","href":"https:\/\/api.w.org\/{rel}","templated":true}]}}