{"id":7244,"date":"2023-01-15T10:06:06","date_gmt":"2023-01-15T09:06:06","guid":{"rendered":"https:\/\/www.bsrz.ch\/website\/?p=7244"},"modified":"2026-03-08T20:00:59","modified_gmt":"2026-03-08T19:00:59","slug":"skitour-brudelhorn-14-januar-2023","status":"publish","type":"post","link":"https:\/\/www.bsrz.ch\/website\/2023\/01\/15\/skitour-brudelhorn-14-januar-2023\/","title":{"rendered":"Skitour Brudelhorn &#8211; 14. Januar 2023"},"content":{"rendered":"\n<p class=\"wp-block-paragraph\">Mangels Schnee war schon fr\u00fch klar, dass wir eine etwas weitere Anreise in Kauf nehmen m\u00fcssen. Das Goms im Wallis bot uns akzeptable Schneeverh\u00e4ltnisse und versprach auch vom Wetter her eine sch\u00f6ne Tour.<\/p>\n\n\n\n<!--more-->\n\n\n\n<p class=\"wp-block-paragraph\">Bei der Anreise mit dem Zug bis nach Geschinen wurden Bedenken ge\u00e4ussert, man wolle nicht l\u00e4nger Zug fahren als mit den Skiern unterwegs sein. Dazu sp\u00e4ter mehr. Aber auch dank unserer Gast-Toureng\u00e4ngerin Isabelle und Manfred, unserem Bergf\u00fchrer, vergingen die Hin- und R\u00fcckreise wie im Flug. In Geschinen angekommen waren dann auch alle, sogar Christian, bereit um direkt hinter dem Bahnhof die Tourenski anzuziehen und loszulaufen.<\/p>\n\n\n\n<p class=\"wp-block-paragraph\">Der Aufstieg f\u00fchrte uns zuerst durch ein Waldst\u00fcck, in welchem wir den schneebedeckten Wanderweg nutzten konnten. Wir strebten eine Aufstiegsgeschwindigkeit von ca. 420 H\u00f6henmetern pro Stunde an. Wir waren der Meinung, dass wir diese ziemlich genau einhielten. Von den verschiedenen Messger\u00e4ten nahmen wir einfach den Wert der uns gerade als richtig erschien.<\/p>\n\n\n\n<p class=\"wp-block-paragraph\">\u00dcber der Baumgrenze angekommen erreichten wir eine kleine Fl\u00e4che. Auf dieser genossen wir die Aussicht und erhielten von Manfred eine kurze Einf\u00fchrung \u00fcber das Navigieren mit Kompass und Karte. Wobei sich die Karte auf ein A4-Blatt beschr\u00e4nkte. Wir waren uns jedenfalls einig, dass wir in die richtige Richtung unterwegs waren.<\/p>\n\n\n\n<p class=\"wp-block-paragraph\">Langsam wurde das Gel\u00e4nde steiler und das Spuren somit anspruchsvoller. Susanne, Yannik und Isabelle machten hier unter Anleitung von Manfred einen guten Job. Je mehr wir uns dem Gipfel n\u00e4herten je st\u00e4rker wurde der Wind. Kurz vor dem Gipfel deponierten wir die Tourenski und kraxelten die letzten Meter in den Skischuhen hinauf. Etwas sp\u00e4ter stellte sich heraus, dass einige Tourenteilnehmer von dieser Kraxslerei wenig begeistert waren. Da aber vor dem letzten Anstieg niemand etwas eingewendet hatte, waren am Schluss alle 8 Teilnehmer auf dem sehr windigen Gipfel und l\u00e4chelten so gut es ging in das Selfie von Daniel.<\/p>\n\n\n\n<p class=\"wp-block-paragraph\">Schnell nahmen wir den Abstieg und die Abfahrt unter die Ski um den garstigen Verh\u00e4ltnissen zu entkommen. Etwas weiter unten fanden wir dann in ruhigeren Wetterverh\u00e4ltnissen einige sch\u00f6ne H\u00e4nge, welche wir mit viel Freude befahren konnten. Simon (Krenger) und Manfred machten als Vorfahrer eine gute Figur und die weiteren Teilnehmer fanden neben ihren Spuren noch gen\u00fcgend Platz f\u00fcr ihre eigenen Schw\u00fcnge.<\/p>\n\n\n\n<p class=\"wp-block-paragraph\">Nach diesen offenen H\u00e4ngen ging es wieder in das Waldst\u00fcck in welchem das Motto \u00abflexibel bleiben\u00bb wichtig war um neben Baumstr\u00fcnken, B\u00e4umen und weiteren Hindernissen vorbeizukommen. Der letzte Teil f\u00fchrte uns \u00fcber eine schneebedeckte Bergstrasse zur\u00fcck zum Bahnhof. Wie geplant, reichte die Zeit gerade um alles zusammenzupacken und anschliessend in den Zug einzusteigen, welcher uns wieder zur\u00fcck in die Zivilisation und zum Ap\u00e9ro f\u00fchrte.<\/p>\n\n\n\n<p class=\"wp-block-paragraph\">Negativ aufgefallen ist eigentlich nur Simon (Althaus). Weshalb weiss der Berichtsverfasser leider nicht mehr so genau. Simon wird dies aber Interessierten sicher gerne in einem pers\u00f6nlichen Gespr\u00e4ch erl\u00e4utern. Die Bef\u00fcrchtungen, einer l\u00e4ngeren Anreise als der Skitour selbst waren unbegr\u00fcndet. Knappe f\u00fcnf Stunden Zugfahrt (ab Bern) stehen sieben Stunden Aufstieg und Abfahrt gegen\u00fcber.<\/p>\n\n\n\n<p class=\"wp-block-paragraph\">Trotz m\u00e4ssigem Wetterbericht und schlechter Schneesituation war es doch eine gelungene Skitour und f\u00fcr die meisten ein guter Start in die Tourensaison 22\/23.<\/p>\n\n\n\nngg_shortcode_0_placeholder\n\n\n\n<p class=\"wp-block-paragraph\">Teilnehmer: Christian, Susanne, Simon A., Simon K., Yannik, Daniel, Isabelle, Manfred Inniger<br>Text: Daniel<br>Fotos: Yannik<\/p>\n","protected":false},"excerpt":{"rendered":"<p>Mangels Schnee war schon fr\u00fch klar, dass wir eine etwas weitere Anreise in Kauf nehmen m\u00fcssen. Das Goms im Wallis bot uns akzeptable Schneeverh\u00e4ltnisse und versprach auch vom Wetter her &#8230; <a title=\"Skitour Brudelhorn &#8211; 14. Januar 2023\" class=\"read-more\" href=\"https:\/\/www.bsrz.ch\/website\/2023\/01\/15\/skitour-brudelhorn-14-januar-2023\/\" aria-label=\"Mehr Informationen \u00fcber Skitour Brudelhorn &#8211; 14. Januar 2023\">Weiterlesen<\/a><\/p>\n","protected":false},"author":7,"featured_media":7253,"comment_status":"closed","ping_status":"closed","sticky":false,"template":"","format":"standard","meta":{"ngg_post_thumbnail":0,"_EventAllDay":false,"_EventTimezone":"","_EventStartDate":"","_EventEndDate":"","_EventStartDateUTC":"","_EventEndDateUTC":"","_EventShowMap":false,"_EventShowMapLink":false,"_EventURL":"","_EventCost":"","_EventCostDescription":"","_EventCurrencySymbol":"","_EventCurrencyCode":"","_EventCurrencyPosition":"","_EventDateTimeSeparator":"","_EventTimeRangeSeparator":"","_EventOrganizerID":[],"_EventVenueID":[],"_OrganizerEmail":"","_OrganizerPhone":"","_OrganizerWebsite":"","_VenueAddress":"","_VenueCity":"","_VenueCountry":"","_VenueProvince":"","_VenueState":"","_VenueZip":"","_VenuePhone":"","_VenueURL":"","_VenueStateProvince":"","_VenueLat":"","_VenueLng":"","_VenueShowMap":false,"_VenueShowMapLink":false,"footnotes":""},"categories":[113],"tags":[114,116,96,115,154,72],"class_list":["post-7244","post","type-post","status-publish","format-standard","has-post-thumbnail","hentry","category-berichte-2023","tag-bergfuehrer","tag-brudelhorn","tag-bsr","tag-goms","tag-manfred-inniger","tag-skitour"],"_links":{"self":[{"href":"https:\/\/www.bsrz.ch\/website\/wp-json\/wp\/v2\/posts\/7244","targetHints":{"allow":["GET"]}}],"collection":[{"href":"https:\/\/www.bsrz.ch\/website\/wp-json\/wp\/v2\/posts"}],"about":[{"href":"https:\/\/www.bsrz.ch\/website\/wp-json\/wp\/v2\/types\/post"}],"author":[{"embeddable":true,"href":"https:\/\/www.bsrz.ch\/website\/wp-json\/wp\/v2\/users\/7"}],"replies":[{"embeddable":true,"href":"https:\/\/www.bsrz.ch\/website\/wp-json\/wp\/v2\/comments?post=7244"}],"version-history":[{"count":4,"href":"https:\/\/www.bsrz.ch\/website\/wp-json\/wp\/v2\/posts\/7244\/revisions"}],"predecessor-version":[{"id":7256,"href":"https:\/\/www.bsrz.ch\/website\/wp-json\/wp\/v2\/posts\/7244\/revisions\/7256"}],"wp:featuredmedia":[{"embeddable":true,"href":"https:\/\/www.bsrz.ch\/website\/wp-json\/wp\/v2\/media\/7253"}],"wp:attachment":[{"href":"https:\/\/www.bsrz.ch\/website\/wp-json\/wp\/v2\/media?parent=7244"}],"wp:term":[{"taxonomy":"category","embeddable":true,"href":"https:\/\/www.bsrz.ch\/website\/wp-json\/wp\/v2\/categories?post=7244"},{"taxonomy":"post_tag","embeddable":true,"href":"https:\/\/www.bsrz.ch\/website\/wp-json\/wp\/v2\/tags?post=7244"}],"curies":[{"name":"wp","href":"https:\/\/api.w.org\/{rel}","templated":true}]}}