{"id":7336,"date":"2023-06-04T10:41:09","date_gmt":"2023-06-04T08:41:09","guid":{"rendered":"https:\/\/www.bsrz.ch\/website\/?p=7336"},"modified":"2023-06-04T10:46:30","modified_gmt":"2023-06-04T08:46:30","slug":"hoereli-fassadenwoche-7-12-mai-2023","status":"publish","type":"post","link":"https:\/\/www.bsrz.ch\/website\/2023\/06\/04\/hoereli-fassadenwoche-7-12-mai-2023\/","title":{"rendered":"H\u00f6reli Fassadenwoche &#8211; 7.-12. Mai 2023"},"content":{"rendered":"\n<p class=\"wp-block-paragraph\"><strong>Motto der Woche: &nbsp;&#8222;Het&#8217;s no Farb?<\/strong>&#8222;<\/p>\n\n\n\n<!--more-->\n\n\n\n<p class=\"wp-block-paragraph\"><strong>Sonntag:<\/strong><\/p>\n\n\n\n<p class=\"wp-block-paragraph\">Nach einer erfolgreichen H\u00fcttenputzete wurde am Sonntag neue Kr\u00e4fte f\u00fcr die kommenden &#8222;Fassadentage&#8220; gesammelt.<\/p>\n\n\n\n<p class=\"wp-block-paragraph\">Nach einem gem\u00fctlichen Morgenessen verabschiedeten sich Susanne und Simon von uns.<\/p>\n\n\n\n<p class=\"wp-block-paragraph\">Im sp\u00e4teren Nachmittag stiessen die restliche Crew zu uns und somit bestand das Team aus:<\/p>\n\n\n\n<p class=\"wp-block-paragraph\">Heidi, \u00c4ndu, Simon Althaus, D\u00e4nu Steudler, Fredi, Kusi und Pesche Weber sowie die Jungmannschaft von Simon.<\/p>\n\n\n\n<p class=\"wp-block-paragraph\">Nach einem gem\u00fctlichen Nachtessen, wie immer aus Heidis K\u00fcche, wurden alte Geschichten und andere M\u00e4rchen hervorgeholt.<\/p>\n\n\n\n<p class=\"wp-block-paragraph\">Da noch einer aus der ganzen Sippe seinen Geburtstag feiert, gab&#8217;s als \u00dcberraschung aus der K\u00fcche eine Baileys-Torte. Die gesungenen W\u00f6rter passten teilweise nicht so zu den entsprechenden Noten.<\/p>\n\n\n\n<p class=\"wp-block-paragraph\"><strong>Montag:<\/strong><\/p>\n\n\n\n<p class=\"wp-block-paragraph\">Nachdem die letzten aus den Federn gekrochen waren und alle das Fr\u00fchst\u00fcck verschlungen hatten, gab&#8217;s durch Simon das Wochenprogramm sowie das Tagesprogramm vorgesetzt.<\/p>\n\n\n\n<p class=\"wp-block-paragraph\">Das Fassadenteam machte sich ans Streichen der Fassaden-Latten, die andere Truppe ans Demontieren von Blitzableitern, B\u00e4nke und anderen Utensilien, die noch an der Aussenwand befestigt waren.<\/p>\n\n\n\n<p class=\"wp-block-paragraph\">Weiter wurde mit dem Abschleifen der B\u00e4nke begonnen, was fast die ganze Zeit in Anspruch nahm. Auch der Kr\u00e4utergaren erhielt durch Noel unter Aufsicht von MUMA eine kleine kosmetische Bereinigung. Kurz vor Feierabend \u00fcberkam es den Pyromanen seinesgleichen gerecht zu werden, da ohne kleines Feuerchen kein Bier.<\/p>\n\n\n\n<p class=\"wp-block-paragraph\">Wie jeden Abend wurden wir durch Heidi kulinarisch verw\u00f6hnt damit wir danach unsere m\u00fcden Knochen gest\u00e4rkt hinlegen konnten.<\/p>\n\n\n\n<p class=\"wp-block-paragraph\"><strong>Dienstag:<\/strong><\/p>\n\n\n\n<p class=\"wp-block-paragraph\">Am Morgen wurden die Knochen neu sortiert und so ging es nach dem Morgenessen weiter mit einem weiteren Anstrich der neuen Fassadenlatten.<\/p>\n\n\n\n<p class=\"wp-block-paragraph\">Am Holzplatz wurde mit den alten Pf\u00e4hlen des Alpengartens der Rand des Holzplatztes verst\u00e4rkt.<\/p>\n\n\n\n<p class=\"wp-block-paragraph\">Irgendjemand kam es noch in den Sinn, die in den teils \u00fcberh\u00e4ngenden Abgr\u00fcnden des H\u00f6reli &#8222;Holztr\u00e4mmlen&#8220; zu spalten da er gem\u00e4ss seiner Aussage dazu gedr\u00e4ngt wurde. Zum Hochtragen wurden dann speziell f\u00fcr diesen Steilhang ausgebildete Sherpas angeheuert. Somit konnte auch gleich der neu angelegte Holzplatz eingeweiht werden.<\/p>\n\n\n\n<p class=\"wp-block-paragraph\">Auch die abgeschliffenen B\u00e4nke konnten mit einem neuen Anstrich versehen werden.<\/p>\n\n\n\n<p class=\"wp-block-paragraph\">Danach war die Igluaussenwand f\u00fcr eine Reinigung an der Reihe und wurde danach mit einem neuen Anstrich versehen. Die Rosenst\u00f6cke wurden von Altmaterial befreit, um danach gem\u00e4ss Bilddokumentation gewaltsam mit Fusstritten wieder an der neugestrichenen Aussenwand zu befestigen.<\/p>\n\n\n\n<p class=\"wp-block-paragraph\">Eine Untersuchung wegen Rosischengewaltanwendung wurde eingeleitet.<\/p>\n\n\n\n<p class=\"wp-block-paragraph\">Der Beschuldigte konnte sich jedoch durch eine geschickte Wortwahl herauswinden, so dass die Anklage durch die oberste H\u00f6reliinstanz fallengelassen wurde.<\/p>\n\n\n\n<p class=\"wp-block-paragraph\">Das Iglu, das sich in den Jahren immer mehr mit Unrat gef\u00fcllt hatte, wurde durch ein energisches und bestimmtes Detachement von demselben befreit.<\/p>\n\n\n\n<p class=\"wp-block-paragraph\">Ebenfalls ging es dem Estrich an die Gurgel dabei wurden sie von nackten Tatsachen v\u00f6llig \u00fcberrascht.<\/p>\n\n\n\n<p class=\"wp-block-paragraph\">Diese Arbeiten wurden erst durch einen \u00fcbervollen Anh\u00e4nger unterbrochen.<\/p>\n\n\n\n<p class=\"wp-block-paragraph\">Vor dem Nachtessen wurde noch versucht die oder den Maler dieses Bildes zu eruieren was leider nicht gelang.<\/p>\n\n\n\n<p class=\"wp-block-paragraph\">Nach dem Nachtessen war dann f\u00fcr K\u00fcse das Abenteuer H\u00f6reli leider vorbei.<\/p>\n\n\n\n<p class=\"wp-block-paragraph\">Mit einem grossen Merci wurde er zum H\u00fctedienst verabschiedet.<\/p>\n\n\n\n<p class=\"wp-block-paragraph\"><strong>Mittwoch:<\/strong><\/p>\n\n\n\n<p class=\"wp-block-paragraph\">Zusammen mit unserer neuen Arbeitskraft, genannt Erich, wurde trotz miesem Wetter mit dem Streichen der alten Westfassade begonnen. Die Arbeiten wurden durch fehlende Farbe j\u00e4h unterbrochen. Da der Farbh\u00e4ndler noch nicht aus dem Dorf zur\u00fcckgekehrt war, wurde in dieser &#8222;keine Ahnung was machen Zeit&#8220; andere, die unter Lebensgefahr und vollem Einsatz Millimeter arbeiten vollbrachten \u00f6ffentlich kritisiert.<\/p>\n\n\n\n<p class=\"wp-block-paragraph\">Zum Gl\u00fcck konnte die Truppe nach erfolgreicher Farblieferung die ganze Aufmerksamkeit wieder dem &#8222;m\u00e4lelen&#8220; zuwenden.<\/p>\n\n\n\n<p class=\"wp-block-paragraph\">Begutachtet wurden die Fassadenarbeiten durch den Farblieferanten h\u00f6chstpers\u00f6nlich und gleich auch mit korrigierenden Worten eingedeckt.<\/p>\n\n\n\n<p class=\"wp-block-paragraph\">Nach dem Mittagessen wurde nun der ganze Ger\u00fcmpel aus dem Iglu und dem Estrich unwiderruflich vernichtet. Was sicher bei einigen mit einer Trauerminute belegt wurde.<\/p>\n\n\n\n<p class=\"wp-block-paragraph\"><strong>Donnerstag und Freitag:<\/strong><\/p>\n\n\n\n<p class=\"wp-block-paragraph\">Da die Arbeiten alle erledigt wurden, reiste ein Teil am Donnerstag nach Hause. Der Rest am Freitag. Danke nochmals an Heidi f\u00fcr die kulinarische Unterst\u00fctzung.<\/p>\n\n\n\n<p class=\"wp-block-paragraph\">Text: Pesche Weber<br>Fotos: Pesche Weber<br>Teilnehmer: Heidi, \u00c4ndu, Simon A., D\u00e4nu Steudler, Fredi, Kusi und Pesche Weber sowie die Jungmannschaft von Simon<\/p>\n\n\n\nngg_shortcode_0_placeholder\n","protected":false},"excerpt":{"rendered":"<p>Motto der Woche: &nbsp;&#8222;Het&#8217;s no Farb?&#8222;<\/p>\n","protected":false},"author":7,"featured_media":7347,"comment_status":"closed","ping_status":"closed","sticky":false,"template":"","format":"standard","meta":{"ngg_post_thumbnail":0,"_EventAllDay":false,"_EventTimezone":"","_EventStartDate":"","_EventEndDate":"","_EventStartDateUTC":"","_EventEndDateUTC":"","_EventShowMap":false,"_EventShowMapLink":false,"_EventURL":"","_EventCost":"","_EventCostDescription":"","_EventCurrencySymbol":"","_EventCurrencyCode":"","_EventCurrencyPosition":"","_EventDateTimeSeparator":"","_EventTimeRangeSeparator":"","_EventOrganizerID":[],"_EventVenueID":[],"_OrganizerEmail":"","_OrganizerPhone":"","_OrganizerWebsite":"","_VenueAddress":"","_VenueCity":"","_VenueCountry":"","_VenueProvince":"","_VenueState":"","_VenueZip":"","_VenuePhone":"","_VenueURL":"","_VenueStateProvince":"","_VenueLat":"","_VenueLng":"","_VenueShowMap":false,"_VenueShowMapLink":false,"footnotes":""},"categories":[113],"tags":[96,74],"class_list":["post-7336","post","type-post","status-publish","format-standard","has-post-thumbnail","hentry","category-berichte-2023","tag-bsr","tag-hoereli"],"_links":{"self":[{"href":"https:\/\/www.bsrz.ch\/website\/wp-json\/wp\/v2\/posts\/7336","targetHints":{"allow":["GET"]}}],"collection":[{"href":"https:\/\/www.bsrz.ch\/website\/wp-json\/wp\/v2\/posts"}],"about":[{"href":"https:\/\/www.bsrz.ch\/website\/wp-json\/wp\/v2\/types\/post"}],"author":[{"embeddable":true,"href":"https:\/\/www.bsrz.ch\/website\/wp-json\/wp\/v2\/users\/7"}],"replies":[{"embeddable":true,"href":"https:\/\/www.bsrz.ch\/website\/wp-json\/wp\/v2\/comments?post=7336"}],"version-history":[{"count":5,"href":"https:\/\/www.bsrz.ch\/website\/wp-json\/wp\/v2\/posts\/7336\/revisions"}],"predecessor-version":[{"id":7350,"href":"https:\/\/www.bsrz.ch\/website\/wp-json\/wp\/v2\/posts\/7336\/revisions\/7350"}],"wp:featuredmedia":[{"embeddable":true,"href":"https:\/\/www.bsrz.ch\/website\/wp-json\/wp\/v2\/media\/7347"}],"wp:attachment":[{"href":"https:\/\/www.bsrz.ch\/website\/wp-json\/wp\/v2\/media?parent=7336"}],"wp:term":[{"taxonomy":"category","embeddable":true,"href":"https:\/\/www.bsrz.ch\/website\/wp-json\/wp\/v2\/categories?post=7336"},{"taxonomy":"post_tag","embeddable":true,"href":"https:\/\/www.bsrz.ch\/website\/wp-json\/wp\/v2\/tags?post=7336"}],"curies":[{"name":"wp","href":"https:\/\/api.w.org\/{rel}","templated":true}]}}