{"id":7568,"date":"2024-09-01T14:37:47","date_gmt":"2024-09-01T12:37:47","guid":{"rendered":"https:\/\/www.bsrz.ch\/website\/?p=7568"},"modified":"2024-09-21T21:48:10","modified_gmt":"2024-09-21T19:48:10","slug":"bsr-hochtour-24-august-2024","status":"publish","type":"post","link":"https:\/\/www.bsrz.ch\/website\/2024\/09\/01\/bsr-hochtour-24-august-2024\/","title":{"rendered":"BSR-Hochtour 24. August 2024"},"content":{"rendered":"\n<p class=\"wp-block-paragraph\">Geplant war eigentlich eine zweit\u00e4gige Hochtour. Da das Wetter am Sonntag aber Gewitter und Niederschlag bereit hielt, machten wir aus der geplanten Hochtour eine eint\u00e4gige, etwas anspruchsvollere Bergtour.<\/p>\n\n\n\n<p class=\"wp-block-paragraph\">Schlussendlich machten wir in Adelboden die Gs\u00fcr-\u00dcberschreitung und konnten auf der Wanderung sogar noch das Abseilen \u00fcben. Nach der Wanderung war die Bahnfahrt und das Glac\u00e9 wohlverdient.<\/p>\n\n\n\n<p class=\"wp-block-paragraph\">Teilnehmer: Kurt, Therese und Susanne<br>Fotos &amp; Text: Susanne<\/p>\n\n\n\nngg_shortcode_0_placeholder\n","protected":false},"excerpt":{"rendered":"<p>Geplant war eigentlich eine zweit\u00e4gige Hochtour. Da das Wetter am Sonntag aber Gewitter und Niederschlag bereit hielt, machten wir aus der geplanten Hochtour eine eint\u00e4gige, etwas anspruchsvollere Bergtour. Schlussendlich machten &#8230; <a title=\"BSR-Hochtour 24. August 2024\" class=\"read-more\" href=\"https:\/\/www.bsrz.ch\/website\/2024\/09\/01\/bsr-hochtour-24-august-2024\/\" aria-label=\"Mehr Informationen \u00fcber BSR-Hochtour 24. August 2024\">Weiterlesen<\/a><\/p>\n","protected":false},"author":6,"featured_media":7569,"comment_status":"closed","ping_status":"closed","sticky":false,"template":"","format":"standard","meta":{"ngg_post_thumbnail":0,"_EventAllDay":false,"_EventTimezone":"","_EventStartDate":"","_EventEndDate":"","_EventStartDateUTC":"","_EventEndDateUTC":"","_EventShowMap":false,"_EventShowMapLink":false,"_EventURL":"","_EventCost":"","_EventCostDescription":"","_EventCurrencySymbol":"","_EventCurrencyCode":"","_EventCurrencyPosition":"","_EventDateTimeSeparator":"","_EventTimeRangeSeparator":"","_EventOrganizerID":[],"_EventVenueID":[],"_OrganizerEmail":"","_OrganizerPhone":"","_OrganizerWebsite":"","_VenueAddress":"","_VenueCity":"","_VenueCountry":"","_VenueProvince":"","_VenueState":"","_VenueZip":"","_VenuePhone":"","_VenueURL":"","_VenueStateProvince":"","_VenueLat":"","_VenueLng":"","_VenueShowMap":false,"_VenueShowMapLink":false,"footnotes":""},"categories":[126],"tags":[127,96,134,138,80],"class_list":["post-7568","post","type-post","status-publish","format-standard","has-post-thumbnail","hentry","category-berichte-2024","tag-adelboden","tag-bsr","tag-gsuer","tag-tschentenalp","tag-wanderung"],"_links":{"self":[{"href":"https:\/\/www.bsrz.ch\/website\/wp-json\/wp\/v2\/posts\/7568","targetHints":{"allow":["GET"]}}],"collection":[{"href":"https:\/\/www.bsrz.ch\/website\/wp-json\/wp\/v2\/posts"}],"about":[{"href":"https:\/\/www.bsrz.ch\/website\/wp-json\/wp\/v2\/types\/post"}],"author":[{"embeddable":true,"href":"https:\/\/www.bsrz.ch\/website\/wp-json\/wp\/v2\/users\/6"}],"replies":[{"embeddable":true,"href":"https:\/\/www.bsrz.ch\/website\/wp-json\/wp\/v2\/comments?post=7568"}],"version-history":[{"count":2,"href":"https:\/\/www.bsrz.ch\/website\/wp-json\/wp\/v2\/posts\/7568\/revisions"}],"predecessor-version":[{"id":7577,"href":"https:\/\/www.bsrz.ch\/website\/wp-json\/wp\/v2\/posts\/7568\/revisions\/7577"}],"wp:featuredmedia":[{"embeddable":true,"href":"https:\/\/www.bsrz.ch\/website\/wp-json\/wp\/v2\/media\/7569"}],"wp:attachment":[{"href":"https:\/\/www.bsrz.ch\/website\/wp-json\/wp\/v2\/media?parent=7568"}],"wp:term":[{"taxonomy":"category","embeddable":true,"href":"https:\/\/www.bsrz.ch\/website\/wp-json\/wp\/v2\/categories?post=7568"},{"taxonomy":"post_tag","embeddable":true,"href":"https:\/\/www.bsrz.ch\/website\/wp-json\/wp\/v2\/tags?post=7568"}],"curies":[{"name":"wp","href":"https:\/\/api.w.org\/{rel}","templated":true}]}}