{"id":7696,"date":"2025-03-09T12:36:06","date_gmt":"2025-03-09T11:36:06","guid":{"rendered":"https:\/\/www.bsrz.ch\/website\/?p=7696"},"modified":"2025-03-09T12:36:07","modified_gmt":"2025-03-09T11:36:07","slug":"skitourenwochenende-arolla-7-8-maerz-2025","status":"publish","type":"post","link":"https:\/\/www.bsrz.ch\/website\/2025\/03\/09\/skitourenwochenende-arolla-7-8-maerz-2025\/","title":{"rendered":"Skitourenwochenende Arolla &#8211; 7.-8. M\u00e4rz 2025"},"content":{"rendered":"\n<p class=\"wp-block-paragraph\">Eine kleine BSR-Delegation startete bereits am Freitag bei sch\u00f6nstem Wetter auf eine Skitour. Das Gipfelziel war La Palantse de la Cretta. Gestartet wurde aus dem Postauto heraus, im Aufstieg waren die Temperaturen bereits sehr fr\u00fchlingshaft.<\/p>\n\n\n\n<p class=\"wp-block-paragraph\">Aus diesem Grund mussten unterwegs dann auch die langen Unterhosen eines Skitoureng\u00e4ngers (Name der Redaktion bekannt) weichen. Dank der vielen Sonnenstunden wurde sogar ein z\u00fcnftiger Sonnenbrand mit ins Tal gebracht.<\/p>\n\n\n\n<p class=\"wp-block-paragraph\">Der Abfahrtsschnee allerdings war nicht sehr fr\u00fchlingshaft, sehr variabel und nicht immer ein Genuss. Und es w\u00e4re keine BSR-Skitour gewesen, wenn nicht ein Teil der Tour durch den Wald gef\u00fchrt h\u00e4tte. Dank S\u00fcdexposition mal mit mehr oder weniger Schnee. Auf der Weiterreise mit dem Postauto nach Arolla gabelte die Gruppe dann den Rest der Truppe auf.<\/p>\n\n\n\n<p class=\"wp-block-paragraph\">Am n\u00e4chsten Morgen konnten wir gest\u00e4rkt mit dem Fr\u00fchst\u00fcck die lange Tour starten. Wir nahmen die Pigne d&#8217;Arolla in Angriff, uns erwarteten viele H\u00f6henmeter. Nach den ersten 1300 H\u00f6henmetern wurde auf dem Col des Vignettes das Befinden aller BSR-Toureng\u00e4nger erfragt. Da einige Beine nach den H\u00f6henmetern des vergangenen Tages schon ein wenig m\u00fcde waren, wurde die Cabane des Vignettes bei ihrem Saisonstart unterst\u00fctzt und auf die Gipfelst\u00fcrmer in der W\u00e4rme gewartet.<\/p>\n\n\n\n<p class=\"wp-block-paragraph\">Je n\u00e4her der Rest der BSR-Gruppe dem Gipfel kam, desto windiger wurde es. Wir standen f\u00fcr einen kurzen Moment zu viert auf dem Gipfel und vertagten die ausgedehnte Gipfelrast aufgrund des Windes. Zeit f\u00fcr ein Sandwich gab es nicht, einige H\u00e4nde waren aber auch schon so kalt.<br>Bei einem Tee zur\u00fcck in der Cabane wurde die Pause nachgeholt und wir starteten mit der kompletten Gruppe in den zweiten Teil der Abfahrt.<br>Der Schnee war verglichen mit dem Vortag ein Traum &#8211; die Schneedecke war gr\u00f6sstenteils hart und tragend.<\/p>\n\n\n\n<p class=\"wp-block-paragraph\">Nachdem wir im Tal bei einem Pl\u00e4ttli den gr\u00f6ssten Hunger gestillt hatten und die deponierten Sachen wieder in die Rucks\u00e4cke gepackt hatten, nahmen wir die Heimreise Richtung Bern in Angriff.<\/p>\n\n\n\n<p class=\"wp-block-paragraph\">Diese Heimreise sollte nicht reibungslos ablaufen. Unser Zug (aka Eurofighter) blieb w\u00e4hrend einer langen Zeit aufgrund eines technischen Defektes im L\u00f6tschbergtunnel stehen. Mit 140 Minuten Versp\u00e4tung kamen wir schlussendlich doch noch in Bern an und konnten bald in unsere lange erwarteten Betten schl\u00fcpfen.<\/p>\n\n\n\n<p class=\"wp-block-paragraph\">Merci allen f\u00fcr die Tage im Val d&#8217;H\u00e9rens, merci B\u00e4rni f\u00fcr die Organisation und Leitung.<\/p>\n\n\n\nngg_shortcode_0_placeholder\n\n\n\n<p class=\"wp-block-paragraph\">Teilnehmer: Cedric, Pesche B., B\u00e4rni, Urs, Simon K. und Susanne<\/p>\n\n\n\n<p class=\"wp-block-paragraph\">Text: Susanne<br>Fotos: Susanne, Pesche B., Cedric, Simon<\/p>\n","protected":false},"excerpt":{"rendered":"<p>Eine kleine BSR-Delegation startete bereits am Freitag bei sch\u00f6nstem Wetter auf eine Skitour. Das Gipfelziel war La Palantse de la Cretta. Gestartet wurde aus dem Postauto heraus, im Aufstieg waren &#8230; <a title=\"Skitourenwochenende Arolla &#8211; 7.-8. M\u00e4rz 2025\" class=\"read-more\" href=\"https:\/\/www.bsrz.ch\/website\/2025\/03\/09\/skitourenwochenende-arolla-7-8-maerz-2025\/\" aria-label=\"Mehr Informationen \u00fcber Skitourenwochenende Arolla &#8211; 7.-8. M\u00e4rz 2025\">Weiterlesen<\/a><\/p>\n","protected":false},"author":6,"featured_media":7721,"comment_status":"closed","ping_status":"closed","sticky":false,"template":"","format":"standard","meta":{"ngg_post_thumbnail":0,"_EventAllDay":false,"_EventTimezone":"","_EventStartDate":"","_EventEndDate":"","_EventStartDateUTC":"","_EventEndDateUTC":"","_EventShowMap":false,"_EventShowMapLink":false,"_EventURL":"","_EventCost":"","_EventCostDescription":"","_EventCurrencySymbol":"","_EventCurrencyCode":"","_EventCurrencyPosition":"","_EventDateTimeSeparator":"","_EventTimeRangeSeparator":"","_EventOrganizerID":[],"_EventVenueID":[],"_OrganizerEmail":"","_OrganizerPhone":"","_OrganizerWebsite":"","_VenueAddress":"","_VenueCity":"","_VenueCountry":"","_VenueProvince":"","_VenueState":"","_VenueZip":"","_VenuePhone":"","_VenueURL":"","_VenueStateProvince":"","_VenueLat":"","_VenueLng":"","_VenueShowMap":false,"_VenueShowMapLink":false,"footnotes":""},"categories":[139],"tags":[143,96,148,149,145,144,147,72,146],"class_list":["post-7696","post","type-post","status-publish","format-standard","has-post-thumbnail","hentry","category-berichte-2025","tag-arolla","tag-bsr","tag-cabane-des-vignettes","tag-col-des-vignettes","tag-palantse-de-la-cretta","tag-pigne-darolla","tag-plaettli","tag-skitour","tag-val-dherens"],"_links":{"self":[{"href":"https:\/\/www.bsrz.ch\/website\/wp-json\/wp\/v2\/posts\/7696","targetHints":{"allow":["GET"]}}],"collection":[{"href":"https:\/\/www.bsrz.ch\/website\/wp-json\/wp\/v2\/posts"}],"about":[{"href":"https:\/\/www.bsrz.ch\/website\/wp-json\/wp\/v2\/types\/post"}],"author":[{"embeddable":true,"href":"https:\/\/www.bsrz.ch\/website\/wp-json\/wp\/v2\/users\/6"}],"replies":[{"embeddable":true,"href":"https:\/\/www.bsrz.ch\/website\/wp-json\/wp\/v2\/comments?post=7696"}],"version-history":[{"count":6,"href":"https:\/\/www.bsrz.ch\/website\/wp-json\/wp\/v2\/posts\/7696\/revisions"}],"predecessor-version":[{"id":7720,"href":"https:\/\/www.bsrz.ch\/website\/wp-json\/wp\/v2\/posts\/7696\/revisions\/7720"}],"wp:featuredmedia":[{"embeddable":true,"href":"https:\/\/www.bsrz.ch\/website\/wp-json\/wp\/v2\/media\/7721"}],"wp:attachment":[{"href":"https:\/\/www.bsrz.ch\/website\/wp-json\/wp\/v2\/media?parent=7696"}],"wp:term":[{"taxonomy":"category","embeddable":true,"href":"https:\/\/www.bsrz.ch\/website\/wp-json\/wp\/v2\/categories?post=7696"},{"taxonomy":"post_tag","embeddable":true,"href":"https:\/\/www.bsrz.ch\/website\/wp-json\/wp\/v2\/tags?post=7696"}],"curies":[{"name":"wp","href":"https:\/\/api.w.org\/{rel}","templated":true}]}}