{"id":7770,"date":"2025-09-23T21:02:45","date_gmt":"2025-09-23T19:02:45","guid":{"rendered":"https:\/\/www.bsrz.ch\/website\/?p=7770"},"modified":"2025-09-23T21:02:46","modified_gmt":"2025-09-23T19:02:46","slug":"bsr-bergwanderung-20-september-2025","status":"publish","type":"post","link":"https:\/\/www.bsrz.ch\/website\/2025\/09\/23\/bsr-bergwanderung-20-september-2025\/","title":{"rendered":"BSR-Bergwanderung \u2013 20. September 2025"},"content":{"rendered":"\n<p class=\"wp-block-paragraph\">Die diesj\u00e4hrige BSR-Herbstwanderung startete am Samstag, 20.9.25, bei sch\u00f6nstem Wetter kurz vor 09:00h ab der Bushaltestelle Kiental, Ramslauenen. Es war wahrscheinlich der letzte heisse Sp\u00e4tsommer Tag in diesem Jahr?<\/p>\n\n\n\n<p class=\"wp-block-paragraph\">Auf jeden Fall schwitzten wir uns auf stotzigen Wegen vom Kiental auf die W\u00e4tterlatte auf knapp \u00fcber 2000 m hoch! Zum Gl\u00fcck gab es viel zu sehen und zu tun auf den rund 1000 H\u00f6henmeter, die wir zu erwandern hatten. Beim Aufstieg kreuzten wir eine Kolonne festlich geschm\u00fcckter K\u00fche und eine Gruppe noch unsicherer K\u00e4lber auf ihrem Alpabzug mit Begleitpersonen, teilweise in Trachten. Die Tiere waren festlich geschm\u00fcckt mit pr\u00e4chtigen Blumenbl\u00fcten an den umgekehrten Melkst\u00fchlen, die auf dem Kopf befestigt waren. Bald machten sich Pesche und Cedric auf die Steinpilze-Jagd, was der Autorin Verschnaufpausen schenkte! Die Steinpilze wurden immer gr\u00f6sser und die Sammelt\u00e4schchen und ein zugeknoteter Pullover waren bald einmal \u00fcppig gef\u00fcllt.<\/p>\n\n\n\n<p class=\"wp-block-paragraph\">Auf dem Gipfel der W\u00e4tterlatte genossen wir die sch\u00f6ne Rundsicht u.a. auf den Niesen, Dreispitz, Morgenberghorn sowie den Thuner- und Brienzersee. Die feine und w\u00fcrzige Ziegenwurst, die Susanne unterwegs bei einem Hofladen gekauft hatte, war ein zus\u00e4tzlicher Genuss zum Pic Nic, das wir hier oben genossen haben.<\/p>\n\n\n\n<p class=\"wp-block-paragraph\">Der Weg hinunter ins Suldtal war oben f\u00fcr mich etwas &#8222;luftig&#8220;, aber mit der guten Wanderleiterin Susanne konnte ich den Weg gut meistern! Danke liebe Susanne. Die letzte &#8222;Herausforderung&#8220; kam dann f\u00fcr Susanne, als uns ein etwa 2 Meter grosses Lama auf dem Wanderweg begegnete, an das sie gemischte Erinnerungen von einem fr\u00fcheren Ausflug hatte. Ich \u00fcbernahm mutig mit den wehrhaften Wanderst\u00f6cken die &#8222;F\u00fchrung &#8220; und Susanne konnte sich in der Gruppenmitte etwas verbergen. Lamas seien nicht so ihr Ding ;-).<\/p>\n\n\n\n<p class=\"wp-block-paragraph\">Im gut besetzten Restaurant Suld angekommen g\u00f6nnten wir uns im Schatten noch eine Glace oder sonst etwas S\u00fcsses und eisgek\u00fchlte Getr\u00e4nke bevor uns um 16:35h das Postauto abholte.<\/p>\n\n\n\n<p class=\"wp-block-paragraph\">Merci an Susanne und Simon f\u00fcr die Organisation und Wanderleitung.<\/p>\n\n\n\nngg_shortcode_0_placeholder\n\n\n\n<p class=\"wp-block-paragraph\">Teilnehmer: Susanne, Simon K., Esther B., Pesche, Rahel, Cedric, Fredy, Daniel, Esther I.<br>Text: Esther Iseli<br>Fotos: Simon K.<\/p>\n","protected":false},"excerpt":{"rendered":"<p>Die diesj\u00e4hrige BSR-Herbstwanderung startete am Samstag, 20.9.25, bei sch\u00f6nstem Wetter kurz vor 09:00h ab der Bushaltestelle Kiental, Ramslauenen. Es war wahrscheinlich der letzte heisse Sp\u00e4tsommer Tag in diesem Jahr? Auf &#8230; <a title=\"BSR-Bergwanderung \u2013 20. September 2025\" class=\"read-more\" href=\"https:\/\/www.bsrz.ch\/website\/2025\/09\/23\/bsr-bergwanderung-20-september-2025\/\" aria-label=\"Mehr Informationen \u00fcber BSR-Bergwanderung \u2013 20. September 2025\">Weiterlesen<\/a><\/p>\n","protected":false},"author":7,"featured_media":7768,"comment_status":"closed","ping_status":"closed","sticky":false,"template":"","format":"standard","meta":{"ngg_post_thumbnail":0,"_EventAllDay":false,"_EventTimezone":"","_EventStartDate":"","_EventEndDate":"","_EventStartDateUTC":"","_EventEndDateUTC":"","_EventShowMap":false,"_EventShowMapLink":false,"_EventURL":"","_EventCost":"","_EventCostDescription":"","_EventCurrencySymbol":"","_EventCurrencyCode":"","_EventCurrencyPosition":"","_EventDateTimeSeparator":"","_EventTimeRangeSeparator":"","_EventOrganizerID":[],"_EventVenueID":[],"_OrganizerEmail":"","_OrganizerPhone":"","_OrganizerWebsite":"","_VenueAddress":"","_VenueCity":"","_VenueCountry":"","_VenueProvince":"","_VenueState":"","_VenueZip":"","_VenuePhone":"","_VenueURL":"","_VenueStateProvince":"","_VenueLat":"","_VenueLng":"","_VenueShowMap":false,"_VenueShowMapLink":false,"footnotes":""},"categories":[139],"tags":[124,136,96,137,152,80,151],"class_list":["post-7770","post","type-post","status-publish","format-standard","has-post-thumbnail","hentry","category-berichte-2025","tag-bergwanderung","tag-berner-oberland","tag-bsr","tag-kiental","tag-suldtal","tag-wanderung","tag-waetterlatte"],"_links":{"self":[{"href":"https:\/\/www.bsrz.ch\/website\/wp-json\/wp\/v2\/posts\/7770","targetHints":{"allow":["GET"]}}],"collection":[{"href":"https:\/\/www.bsrz.ch\/website\/wp-json\/wp\/v2\/posts"}],"about":[{"href":"https:\/\/www.bsrz.ch\/website\/wp-json\/wp\/v2\/types\/post"}],"author":[{"embeddable":true,"href":"https:\/\/www.bsrz.ch\/website\/wp-json\/wp\/v2\/users\/7"}],"replies":[{"embeddable":true,"href":"https:\/\/www.bsrz.ch\/website\/wp-json\/wp\/v2\/comments?post=7770"}],"version-history":[{"count":6,"href":"https:\/\/www.bsrz.ch\/website\/wp-json\/wp\/v2\/posts\/7770\/revisions"}],"predecessor-version":[{"id":7776,"href":"https:\/\/www.bsrz.ch\/website\/wp-json\/wp\/v2\/posts\/7770\/revisions\/7776"}],"wp:featuredmedia":[{"embeddable":true,"href":"https:\/\/www.bsrz.ch\/website\/wp-json\/wp\/v2\/media\/7768"}],"wp:attachment":[{"href":"https:\/\/www.bsrz.ch\/website\/wp-json\/wp\/v2\/media?parent=7770"}],"wp:term":[{"taxonomy":"category","embeddable":true,"href":"https:\/\/www.bsrz.ch\/website\/wp-json\/wp\/v2\/categories?post=7770"},{"taxonomy":"post_tag","embeddable":true,"href":"https:\/\/www.bsrz.ch\/website\/wp-json\/wp\/v2\/tags?post=7770"}],"curies":[{"name":"wp","href":"https:\/\/api.w.org\/{rel}","templated":true}]}}