{"id":7779,"date":"2025-08-11T20:06:29","date_gmt":"2025-08-11T18:06:29","guid":{"rendered":"https:\/\/www.bsrz.ch\/website\/?p=7779"},"modified":"2026-03-08T20:04:52","modified_gmt":"2026-03-08T19:04:52","slug":"hoereli-bikeweekend-09-10-august-2025","status":"publish","type":"post","link":"https:\/\/www.bsrz.ch\/website\/2025\/08\/11\/hoereli-bikeweekend-09-10-august-2025\/","title":{"rendered":"H\u00f6reli-Bikeweekend \u2013 09.-10. August 2025"},"content":{"rendered":"\n<h3 class=\"wp-block-heading\">Samstag<\/h3>\n\n\n\n<p class=\"wp-block-paragraph\">Unsere heutige Biketour f\u00fchrte uns von Reichenbach entlang der Kander nach Frutigen. Von dort aus ging es weiter in Richtung Kandersteg \u00fcber eine landschaftlich wundersch\u00f6ne Strecke, die uns mit ihrer beeindruckenden Natur begeisterte.<\/p>\n\n\n\n<p class=\"wp-block-paragraph\">Kurz nach Frutigen begann der Weg stetig anzusteigen. Bei einer Steigung von bis zu 20\u202f% wurde es dann richtig anspruchsvoll, so sehr, dass einige ihr Bike schieben mussten.<strong><\/strong><\/p>\n\n\n\n<p class=\"wp-block-paragraph\">In Kandersteg angekommen, fuhren wir weiter bis zum Eingang des Gasterntals. Da dort Einbahnverkehr herrscht, mussten wir kurz warten, was unseren Pr\u00e4sidenten zu einem erfrischenden Bad im nahegelegenen Bach animierte. Es folgten noch weitere Badeeinlagen in B\u00e4chen, wobei die Wassertemperatur keine 10 Grad betrug.<strong><\/strong><\/p>\n\n\n\n<!--more-->\n\n\n\n<p class=\"wp-block-paragraph\">Nachdem wir uns ins Gasterntal hochgek\u00e4mpft hatten, ging der Anstieg mit zahlreichen H\u00f6henkurven weiter, bis wir schliesslich beim Hotel Steinbock unser Ziel erreichten. Nach einer wohlverdienten St\u00e4rkung und einer kurzen Pause machten wir uns wieder auf den R\u00fcckweg.<\/p>\n\n\n\n<p class=\"wp-block-paragraph\">Die Abfahrt verlief rasant! \u00dcber die gleiche Strecke ging es z\u00fcgig zur\u00fcck nach Reichenbach. Im H\u00f6reli angekommen, wurden wir von unserem Verpflegungsteam mit einem herrlichen Ap\u00e9ro empfangen.<\/p>\n\n\n\n<p class=\"wp-block-paragraph\">Beim Abendessen durften wir eine feine Gem\u00fcselasagne mit einem zarten St\u00fcck Fleisch geniessen und wurde durch ein k\u00f6stliches Dessert mit Vanilleglace, Aprikosen und Apfelstreuselkuchen abgerundet.<\/p>\n\n\n\n<p class=\"wp-block-paragraph\">Den gelungenen Tag liessen wir in gem\u00fctlicher Runde ausklingen, begleitet von allerlei Geschichten, von denen manche wohl wahr, andere eher mit einem Augenzwinkern zu verstehen waren.<\/p>\n\n\n\n<h3 class=\"wp-block-heading\">Sonntag<\/h3>\n\n\n\n<p class=\"wp-block-paragraph\">Nach einem ausgiebigen Sonntagsfr\u00fchst\u00fcck im H\u00f6reli f\u00fchrte uns unsere heutige Tour von Adelboden in Richtung H\u00f6chst. Wie es in den Bergen so ist, ging es von Anfang an stetig bergauf.<\/p>\n\n\n\n<p class=\"wp-block-paragraph\">Kurve um Kurve, Steigung um Steigung k\u00e4mpften wir uns hinauf, bis wir kurz vor der Elsigenalp die letzte Rampe erreichten, sozusagen das \u00abDessert des Tages\u00bb. Im Berghaus Elsigenalp genossen wir bei einer kurzen Pause unsere wohlverdienten Fr\u00fcchtekuchen. Anschliessend ging es \u00fcber interessante und teils anspruchsvolle Trails zur\u00fcck zu unserem Startpunkt.<\/p>\n\n\n\n<p class=\"wp-block-paragraph\">Danke allen, die zum Gelingen dieses Weekend beigetragen haben und freuen uns bereits auf das n\u00e4chste Jahr.<\/p>\n\n\n\nngg_shortcode_0_placeholder\n\n\n\n<p class=\"wp-block-paragraph\">Text: Peter Weber<\/p>\n","protected":false},"excerpt":{"rendered":"<p>Samstag Unsere heutige Biketour f\u00fchrte uns von Reichenbach entlang der Kander nach Frutigen. Von dort aus ging es weiter in Richtung Kandersteg \u00fcber eine landschaftlich wundersch\u00f6ne Strecke, die uns mit &#8230; <a title=\"H\u00f6reli-Bikeweekend \u2013 09.-10. August 2025\" class=\"read-more\" href=\"https:\/\/www.bsrz.ch\/website\/2025\/08\/11\/hoereli-bikeweekend-09-10-august-2025\/\" aria-label=\"Mehr Informationen \u00fcber H\u00f6reli-Bikeweekend \u2013 09.-10. August 2025\">Weiterlesen<\/a><\/p>\n","protected":false},"author":8,"featured_media":7790,"comment_status":"closed","ping_status":"closed","sticky":false,"template":"","format":"standard","meta":{"ngg_post_thumbnail":0,"_EventAllDay":false,"_EventTimezone":"","_EventStartDate":"","_EventEndDate":"","_EventStartDateUTC":"","_EventEndDateUTC":"","_EventShowMap":false,"_EventShowMapLink":false,"_EventURL":"","_EventCost":"","_EventCostDescription":"","_EventCurrencySymbol":"","_EventCurrencyCode":"","_EventCurrencyPosition":"","_EventDateTimeSeparator":"","_EventTimeRangeSeparator":"","_EventOrganizerID":[],"_EventVenueID":[],"_OrganizerEmail":"","_OrganizerPhone":"","_OrganizerWebsite":"","_VenueAddress":"","_VenueCity":"","_VenueCountry":"","_VenueProvince":"","_VenueState":"","_VenueZip":"","_VenuePhone":"","_VenueURL":"","_VenueStateProvince":"","_VenueLat":"","_VenueLng":"","_VenueShowMap":false,"_VenueShowMapLink":false,"footnotes":""},"categories":[139],"tags":[70,96,166,165,74,167],"class_list":["post-7779","post","type-post","status-publish","format-standard","has-post-thumbnail","hentry","category-berichte-2025","tag-bike","tag-bsr","tag-frutigen","tag-gasterntal","tag-hoereli","tag-kandersteg"],"_links":{"self":[{"href":"https:\/\/www.bsrz.ch\/website\/wp-json\/wp\/v2\/posts\/7779","targetHints":{"allow":["GET"]}}],"collection":[{"href":"https:\/\/www.bsrz.ch\/website\/wp-json\/wp\/v2\/posts"}],"about":[{"href":"https:\/\/www.bsrz.ch\/website\/wp-json\/wp\/v2\/types\/post"}],"author":[{"embeddable":true,"href":"https:\/\/www.bsrz.ch\/website\/wp-json\/wp\/v2\/users\/8"}],"replies":[{"embeddable":true,"href":"https:\/\/www.bsrz.ch\/website\/wp-json\/wp\/v2\/comments?post=7779"}],"version-history":[{"count":4,"href":"https:\/\/www.bsrz.ch\/website\/wp-json\/wp\/v2\/posts\/7779\/revisions"}],"predecessor-version":[{"id":7792,"href":"https:\/\/www.bsrz.ch\/website\/wp-json\/wp\/v2\/posts\/7779\/revisions\/7792"}],"wp:featuredmedia":[{"embeddable":true,"href":"https:\/\/www.bsrz.ch\/website\/wp-json\/wp\/v2\/media\/7790"}],"wp:attachment":[{"href":"https:\/\/www.bsrz.ch\/website\/wp-json\/wp\/v2\/media?parent=7779"}],"wp:term":[{"taxonomy":"category","embeddable":true,"href":"https:\/\/www.bsrz.ch\/website\/wp-json\/wp\/v2\/categories?post=7779"},{"taxonomy":"post_tag","embeddable":true,"href":"https:\/\/www.bsrz.ch\/website\/wp-json\/wp\/v2\/tags?post=7779"}],"curies":[{"name":"wp","href":"https:\/\/api.w.org\/{rel}","templated":true}]}}