{"id":7867,"date":"2026-01-27T16:43:59","date_gmt":"2026-01-27T15:43:59","guid":{"rendered":"https:\/\/www.bsrz.ch\/website\/?p=7867"},"modified":"2026-03-08T20:04:13","modified_gmt":"2026-03-08T19:04:13","slug":"bericht-lvs-uebung-fondue-abend-und-skitour-adelboden-17-18-januar-2025","status":"publish","type":"post","link":"https:\/\/www.bsrz.ch\/website\/2026\/01\/27\/bericht-lvs-uebung-fondue-abend-und-skitour-adelboden-17-18-januar-2025\/","title":{"rendered":"Skitouren- &amp; Fondueweekend Adelboden 17.\u201318. Januar 2026"},"content":{"rendered":"\n<p class=\"wp-block-paragraph\">Am <strong>Samstag, 17. Januar 2026<\/strong>, trafen wir uns um 12 Uhr in Adelboden. Einige waren bereits auf der <strong>Tschentenalp <\/strong>unterwegs, die einen auf der Skipiste, die andern mit den Tourenskis vom H\u00f6reli aus. Auch die Organisatoren waren schon um 11 Uhr angereist, um die n\u00f6tigen Eink\u00e4ufe f\u00fcr das abendliche Fondue zu erledigen. Merci!<\/p>\n\n\n\n<p class=\"wp-block-paragraph\">Nachdem sich alle auf der <strong>Tschentenalp <\/strong>versammelt hatten, f\u00fchrten uns Simon und Susanne durch die <strong>LVS-\u00dcbung<\/strong>. Wir bildeten zwei Gruppen \u2013 die Erfahrenen und die &#8222;Neulinge&#8220; \u2013 und lernten oder repetierten den <strong>Umgang mit LVS-Ger\u00e4t, Lawinenschaufel und Sonde. <\/strong>Mit viel Fachwissen erkl\u00e4rten uns Susanne und Simon die wichtigsten Punkte, und an der LVS-Anlage konnten wir unsere F\u00e4higkeiten pr\u00fcfen. Einige \u201eVersch\u00fcttete\u201c bereiteten einigen etwas Schwierigkeiten, da sie am Rand des Suchfeldes lagen, doch das machte die \u00dcbung umso lehrreicher und spannender.<\/p>\n\n\n\n<!--more-->\n\n\n\n<p class=\"wp-block-paragraph\">Nach der LVS-\u00dcbung machten wir uns gemeinsam auf den Weg zum H\u00f6reli. Unsere doch grosse Gruppe von zw\u00f6lf Personen kam sicher an \u2013 einige sogar inklusive einer Extraabfahrt hinter dem H\u00f6reli bis zur &#8222;Holzbige&#8220; und dem anschliessenden <strong>Aufstieg \u00fcber die normale oder die PTT-Route.<\/strong><\/p>\n\n\n\n<p class=\"wp-block-paragraph\">Vor dem H\u00f6reli wurde nach der Ankunft noch fleissig \u201e\u00e4 Topf ufe Chopf\u201c bzw. auf neudeutsch <strong>&#8222;G&#8217;Ch\u00fcbelet&#8220;<\/strong>, bevor wir uns im bereits vorgeheizten H\u00f6reli bei einem <strong>gem\u00fctlichen Ap\u00e9ro <\/strong>niederliessen. In geselliger Runde genossen wir den Abend bei einem feinen <strong>Fondue <\/strong>mit vielen anregenden Gespr\u00e4chen und viel Gel\u00e4chter.<\/p>\n\n\n\n<p class=\"wp-block-paragraph\">Am <strong>Sonntag<\/strong>, nach einem <strong>ausgiebigen Fr\u00fchst\u00fcck<\/strong>, machten wir uns auf den Weg zur Engstligenalp \u2013 mit dem Ziel, den <strong>Ammertenspitz <\/strong>zu erreichen. Nach der Abfahrt vom H\u00f6reli, bei der gerade noch gen\u00fcgend Schnee bis zur Bushaltestelle vorhanden war, ging es mit Bus und den Autos weiter zur Talstation der Engstligenalp. Oben angekommen, empfing uns ein <strong>z\u00fcgiger Wind,<\/strong> der uns durch den Tag begleitete. Dennoch starteten wir motiviert Richtung Gipfel. Die zw\u00f6lfk\u00f6pfige Gruppe bot eine <strong>eindrucksvolle Kulisse<\/strong> f\u00fcr einige sch\u00f6ne Fotos. Der Wind wechselte, die Sonne kam hervor, und so konnten wir auf dem <strong>Gipfel <\/strong>sogar eine kurze <strong>Pause <\/strong>f\u00fcr ein <strong>Sandwich <\/strong>einlegen.<\/p>\n\n\n\n<p class=\"wp-block-paragraph\">Die <strong>Abfahrt <\/strong>gestaltete sich <strong>technisch abwechslungsreich <\/strong>\u2013 von Pulverschnee \u00fcber Bruchharst bis zu hartem Schnee war alles dabei was das Herz begehrt. Nach der Abfahrt g\u00f6nnten sich einige noch ein <strong>erfrischendes Bad in der Engstlige<\/strong>, w\u00e4hrend der Rest bereits die <strong>Sonne auf der Terrasse<\/strong> vom Restaurant genoss.<\/p>\n\n\n\n<p class=\"wp-block-paragraph\">Ein rundum gelungenes Wochenende mit vielen sch\u00f6nen Eindr\u00fccken, guten Begegnungen.<\/p>\n\n\n\n<p class=\"wp-block-paragraph\">Einen herzlichen Dank an die Organisatoren und die BSR!<\/p>\n\n\n\nngg_shortcode_0_placeholder\n","protected":false},"excerpt":{"rendered":"<p>Am Samstag, 17. Januar 2026, trafen wir uns um 12 Uhr in Adelboden. Einige waren bereits auf der Tschentenalp unterwegs, die einen auf der Skipiste, die andern mit den Tourenskis &#8230; <a title=\"Skitouren- &amp; Fondueweekend Adelboden 17.\u201318. Januar 2026\" class=\"read-more\" href=\"https:\/\/www.bsrz.ch\/website\/2026\/01\/27\/bericht-lvs-uebung-fondue-abend-und-skitour-adelboden-17-18-januar-2025\/\" aria-label=\"Mehr Informationen \u00fcber Skitouren- &amp; Fondueweekend Adelboden 17.\u201318. Januar 2026\">Weiterlesen<\/a><\/p>\n","protected":false},"author":4,"featured_media":7877,"comment_status":"closed","ping_status":"closed","sticky":false,"template":"","format":"standard","meta":{"ngg_post_thumbnail":0,"_EventAllDay":false,"_EventTimezone":"","_EventStartDate":"","_EventEndDate":"","_EventStartDateUTC":"","_EventEndDateUTC":"","_EventShowMap":false,"_EventShowMapLink":false,"_EventURL":"","_EventCost":"","_EventCostDescription":"","_EventCurrencySymbol":"","_EventCurrencyCode":"","_EventCurrencyPosition":"","_EventDateTimeSeparator":"","_EventTimeRangeSeparator":"","_EventOrganizerID":[],"_EventVenueID":[],"_OrganizerEmail":"","_OrganizerPhone":"","_OrganizerWebsite":"","_VenueAddress":"","_VenueCity":"","_VenueCountry":"","_VenueProvince":"","_VenueState":"","_VenueZip":"","_VenuePhone":"","_VenueURL":"","_VenueStateProvince":"","_VenueLat":"","_VenueLng":"","_VenueShowMap":false,"_VenueShowMapLink":false,"footnotes":""},"categories":[153],"tags":[163,96,164,95,74,141,72],"class_list":["post-7867","post","type-post","status-publish","format-standard","has-post-thumbnail","hentry","category-berichte-2026","tag-ammertenspitz","tag-bsr","tag-engstligenalp","tag-hochtour","tag-hoereli","tag-lvs-uebung","tag-skitour"],"_links":{"self":[{"href":"https:\/\/www.bsrz.ch\/website\/wp-json\/wp\/v2\/posts\/7867","targetHints":{"allow":["GET"]}}],"collection":[{"href":"https:\/\/www.bsrz.ch\/website\/wp-json\/wp\/v2\/posts"}],"about":[{"href":"https:\/\/www.bsrz.ch\/website\/wp-json\/wp\/v2\/types\/post"}],"author":[{"embeddable":true,"href":"https:\/\/www.bsrz.ch\/website\/wp-json\/wp\/v2\/users\/4"}],"replies":[{"embeddable":true,"href":"https:\/\/www.bsrz.ch\/website\/wp-json\/wp\/v2\/comments?post=7867"}],"version-history":[{"count":9,"href":"https:\/\/www.bsrz.ch\/website\/wp-json\/wp\/v2\/posts\/7867\/revisions"}],"predecessor-version":[{"id":7895,"href":"https:\/\/www.bsrz.ch\/website\/wp-json\/wp\/v2\/posts\/7867\/revisions\/7895"}],"wp:featuredmedia":[{"embeddable":true,"href":"https:\/\/www.bsrz.ch\/website\/wp-json\/wp\/v2\/media\/7877"}],"wp:attachment":[{"href":"https:\/\/www.bsrz.ch\/website\/wp-json\/wp\/v2\/media?parent=7867"}],"wp:term":[{"taxonomy":"category","embeddable":true,"href":"https:\/\/www.bsrz.ch\/website\/wp-json\/wp\/v2\/categories?post=7867"},{"taxonomy":"post_tag","embeddable":true,"href":"https:\/\/www.bsrz.ch\/website\/wp-json\/wp\/v2\/tags?post=7867"}],"curies":[{"name":"wp","href":"https:\/\/api.w.org\/{rel}","templated":true}]}}