{"id":7894,"date":"2026-03-08T19:46:21","date_gmt":"2026-03-08T18:46:21","guid":{"rendered":"https:\/\/www.bsrz.ch\/website\/?p=7894"},"modified":"2026-03-08T19:47:00","modified_gmt":"2026-03-08T18:47:00","slug":"skitourenwochenende-mit-bergfuehrer-28-februar-und-01-maerz-2026","status":"publish","type":"post","link":"https:\/\/www.bsrz.ch\/website\/2026\/03\/08\/skitourenwochenende-mit-bergfuehrer-28-februar-und-01-maerz-2026\/","title":{"rendered":"Skitourenwochenende mit Bergf\u00fchrer &#8211; 28. Februar und 01. M\u00e4rz 2026"},"content":{"rendered":"\n<p class=\"wp-block-paragraph\">W\u00e4hrend zwei Tagen waren wir in der Region von Arolla unterwegs. Je n\u00e4her wir auf der Anreise an Arolla kamen, desto mehr Schnee hatte es. Da wurden dann auch Erinnerungen an ein <a href=\"https:\/\/www.bsrz.ch\/website\/2025\/03\/09\/skitourenwochenende-arolla-7-8-maerz-2025\/\" data-type=\"post\" data-id=\"7696\">Skitourenabenteuer vom vergangenen Jahr<\/a> wach.<\/p>\n\n\n\n<!--more-->\n\n\n\n<p class=\"wp-block-paragraph\">Gleich zu Beginn des Wochenendes konnten wir mit dem Skilift einige H\u00f6henmeter sparen. Mit Abfahrten und Aufstiegen erreichten wir das Gebiet um die Cabane des Aiguilles Rouges. In der H\u00fctte angekommen konnten wir uns langsam (und nicht immer einfach) aufw\u00e4rmen, Franz\u00f6sisch-Kenntnisse auffrischen und unsere Jass-F\u00e4higkeiten vertiefen.<\/p>\n\n\n\n<p class=\"wp-block-paragraph\">Dank der H\u00fctten\u00fcbernachtung war der Start am Sonntag nicht ganz so fr\u00fch und wir konnten mit dem Sonnenaufgang losgehen. Das Ziel war die Pointe de la Vouasson (3490m.\u00fc.M.), welche wir planm\u00e4ssig erreichten. Unterwegs gruben wir Schneeprofile an unterschiedlichen Expositionen und konnten dieses Wissen mit dem Lawinenbulletin abgleichen.<\/p>\n\n\n\n<p class=\"wp-block-paragraph\">Mit allem Gep\u00e4ck im Rucksack fuhren wir \u00fcber den Glacier da la Vouasson nach Evol\u00e8ne runter. Der Schnee war wechselhaft, wir konnten trotzdem einige sch\u00f6ne H\u00e4nge fahren. In Evol\u00e8ne stiessen wir auf das gelungene Wochenende an, w\u00e4hrend andere ein erfrischendes Bad in der Borgne genossen.<\/p>\n\n\n\n<p class=\"wp-block-paragraph\">Vielen Dank f\u00fcr die zwei Skitourentage an unseren Bergf\u00fchrer Manfred Inniger.<\/p>\n\n\n\nngg_shortcode_0_placeholder\n\n\n\n<p class=\"wp-block-paragraph\">Teilnehmer: Peter B., Simon A., Yannik, Simon K. und Susanne<br>Text: Susanne<br>Bilder: Yannik, Simon K.<\/p>\n\n\n\n<p class=\"wp-block-paragraph\"><\/p>\n","protected":false},"excerpt":{"rendered":"<p>W\u00e4hrend zwei Tagen waren wir in der Region von Arolla unterwegs. Je n\u00e4her wir auf der Anreise an Arolla kamen, desto mehr Schnee hatte es. Da wurden dann auch Erinnerungen &#8230; <a title=\"Skitourenwochenende mit Bergf\u00fchrer &#8211; 28. Februar und 01. M\u00e4rz 2026\" class=\"read-more\" href=\"https:\/\/www.bsrz.ch\/website\/2026\/03\/08\/skitourenwochenende-mit-bergfuehrer-28-februar-und-01-maerz-2026\/\" aria-label=\"Mehr Informationen \u00fcber Skitourenwochenende mit Bergf\u00fchrer &#8211; 28. Februar und 01. M\u00e4rz 2026\">Weiterlesen<\/a><\/p>\n","protected":false},"author":6,"featured_media":7915,"comment_status":"closed","ping_status":"closed","sticky":false,"template":"","format":"standard","meta":{"ngg_post_thumbnail":0,"_EventAllDay":false,"_EventTimezone":"","_EventStartDate":"","_EventEndDate":"","_EventStartDateUTC":"","_EventEndDateUTC":"","_EventShowMap":false,"_EventShowMapLink":false,"_EventURL":"","_EventCost":"","_EventCostDescription":"","_EventCurrencySymbol":"","_EventCurrencyCode":"","_EventCurrencyPosition":"","_EventDateTimeSeparator":"","_EventTimeRangeSeparator":"","_EventOrganizerID":[],"_EventVenueID":[],"_OrganizerEmail":"","_OrganizerPhone":"","_OrganizerWebsite":"","_VenueAddress":"","_VenueCity":"","_VenueCountry":"","_VenueProvince":"","_VenueState":"","_VenueZip":"","_VenuePhone":"","_VenueURL":"","_VenueStateProvince":"","_VenueLat":"","_VenueLng":"","_VenueShowMap":false,"_VenueShowMapLink":false,"footnotes":""},"categories":[153],"tags":[114,96,157,156,154,155,72],"class_list":["post-7894","post","type-post","status-publish","format-standard","has-post-thumbnail","hentry","category-berichte-2026","tag-bergfuehrer","tag-bsr","tag-cabane-des-aiguilles-rouges","tag-evolene","tag-manfred-inniger","tag-pointe-de-vousasson","tag-skitour"],"_links":{"self":[{"href":"https:\/\/www.bsrz.ch\/website\/wp-json\/wp\/v2\/posts\/7894","targetHints":{"allow":["GET"]}}],"collection":[{"href":"https:\/\/www.bsrz.ch\/website\/wp-json\/wp\/v2\/posts"}],"about":[{"href":"https:\/\/www.bsrz.ch\/website\/wp-json\/wp\/v2\/types\/post"}],"author":[{"embeddable":true,"href":"https:\/\/www.bsrz.ch\/website\/wp-json\/wp\/v2\/users\/6"}],"replies":[{"embeddable":true,"href":"https:\/\/www.bsrz.ch\/website\/wp-json\/wp\/v2\/comments?post=7894"}],"version-history":[{"count":5,"href":"https:\/\/www.bsrz.ch\/website\/wp-json\/wp\/v2\/posts\/7894\/revisions"}],"predecessor-version":[{"id":7917,"href":"https:\/\/www.bsrz.ch\/website\/wp-json\/wp\/v2\/posts\/7894\/revisions\/7917"}],"wp:featuredmedia":[{"embeddable":true,"href":"https:\/\/www.bsrz.ch\/website\/wp-json\/wp\/v2\/media\/7915"}],"wp:attachment":[{"href":"https:\/\/www.bsrz.ch\/website\/wp-json\/wp\/v2\/media?parent=7894"}],"wp:term":[{"taxonomy":"category","embeddable":true,"href":"https:\/\/www.bsrz.ch\/website\/wp-json\/wp\/v2\/categories?post=7894"},{"taxonomy":"post_tag","embeddable":true,"href":"https:\/\/www.bsrz.ch\/website\/wp-json\/wp\/v2\/tags?post=7894"}],"curies":[{"name":"wp","href":"https:\/\/api.w.org\/{rel}","templated":true}]}}