{"id":7921,"date":"2026-04-05T16:00:03","date_gmt":"2026-04-05T14:00:03","guid":{"rendered":"https:\/\/www.bsrz.ch\/website\/?p=7921"},"modified":"2026-04-05T16:02:21","modified_gmt":"2026-04-05T14:02:21","slug":"skitourenwochenende-ovronnaz-07-08-maerz-2026","status":"publish","type":"post","link":"https:\/\/www.bsrz.ch\/website\/2026\/04\/05\/skitourenwochenende-ovronnaz-07-08-maerz-2026\/","title":{"rendered":"Skitourenwochenende Ovronnaz, 07.\u201308. M\u00e4rz 2026"},"content":{"rendered":"\n<p class=\"wp-block-paragraph\">Das Skitourenwochenende mit B\u00e4rnu f\u00fchrte uns dieses Jahr nach Ovronnaz. Zu viert machten wir uns am Samstagmorgen auf den Weg und waren gegen 10 Uhr bereits auf dem Skilift, der uns durchs Skigebiet nach oben brachte.<\/p>\n\n\n\n<!--more-->\n\n\n\n<p class=\"wp-block-paragraph\">Bei fast schon sommerlichen Temperaturen starteten wir unsere Tour in Richtung T\u00eate Noire. Schon nach kurzer Zeit mussten wir einige Kleiderschichten ablegen, und auch ein paar widerspenstige Skibindungen wurden kurzerhand mit dem Sackmesser wieder in die richtige Position gebracht. Die w\u00e4rmende Sonne wurde durch den Saharastaub etwas ged\u00e4mpft, der auch die Sicht leicht tr\u00fcbte.<\/p>\n\n\n\n<p class=\"wp-block-paragraph\">Wir kamen gut voran und hatten ordentlich Power in den Beinen. Deshalb entschieden wir uns, vor unserem eigentlichen Ziel noch die Grande Dent de Morcles mitzunehmen \u2013 bei den einen mit mehr, bei den anderen mit weniger Schweisstropfen. L\u00e4ngere Beine erwiesen sich dabei durchaus als Vorteil.<\/p>\n\n\n\n<p class=\"wp-block-paragraph\">Gegen 15:30 Uhr erreichten wir schliesslich unser urspr\u00fcnglich geplantes Ziel, den T\u00eate Noire. Die Abfahrt bot \u2013 wie schon der Aufstieg \u2013 eine grosse Vielfalt an Schneeverh\u00e4ltnissen. Am meisten Freude bereitete uns nat\u00fcrlich der Sulz. Nach der Abfahrt entlang der bereits geschlossenen Lifte erwischten wir mit perfektem Timing den Bus, der uns direkt zu unserer Unterkunft, der La Cord\u00e9e, brachte. Nach einer wohlverdienten Dusche besorgte B\u00e4rnu im Coop noch ein paar Ap\u00e9ro-Snacks.<\/p>\n\n\n\n<p class=\"wp-block-paragraph\">Zum Nachtessen kehrten wir im \u201eLe Vieux Valais\u201c ein, wo wir ein hervorragendes Essen genossen und die Tour f\u00fcr den n\u00e4chsten Tag planten. Diese sollte uns in Richtung Cabane Rambert f\u00fchren.<\/p>\n\n\n\n<p class=\"wp-block-paragraph\">Geplant war, um 07:04 Uhr den Bus zu nehmen, um uns den Fussmarsch zu ersparen. Doch der Bus kam nicht \u2013 also marschierten wir los. Nach 15 Minuten und zwei Haltestellen sp\u00e4ter holte uns der Bus doch noch ein, sodass wir ihn immerhin f\u00fcr eine Station nutzen konnten.<\/p>\n\n\n\n<p class=\"wp-block-paragraph\">Auch der zweite Tag erwartete uns mit herrlichem Wetter. Bei strahlendem Sonnenschein passierten wir an der S\u00fcdseite mehrere abgegangene Lawinen und meisterten eine Schl\u00fcsselstelle im Aufstieg. Zum Gl\u00fcck waren die Verh\u00e4ltnisse dort noch gut machbar \u2013 sonst h\u00e4tten wir die Steigeisen, die wir in der Unterkunft gelassen hatten, auf der harten Unterlage wohl vermisst.<\/p>\n\n\n\n<p class=\"wp-block-paragraph\">Da wir den Aufstieg \u00fcber stark sonnenexponierte H\u00e4nge machten, legten einige zur Abk\u00fchlung nach und nach etliche Kleiderschichten ab. Dank der Erfrischung kamen wir weiterhin gut voran und erreichten kurz vor 12 Uhr die N\u00e4he der H\u00fctte, wo wir in beeindruckender Landschaft und absoluter Stille unsere Mittagspause genossen.<\/p>\n\n\n\n<p class=\"wp-block-paragraph\">Die Abfahrt bot erneut alles: von pickelharter Unterlage bis hin zu bestem Sulz. Weiter unten querten wir nochmals Lawinenfelder, die \u00fcber die Felsen abgegangen waren.<\/p>\n\n\n\n<p class=\"wp-block-paragraph\">Bereits kurz vor 14 Uhr waren wir wieder unten, umgezogen und bereit f\u00fcr die R\u00fcckreise. Zum Abschluss kehrten wir nochmals im \u201eLe Vieux Valais\u201c ein \u2013 diesmal auf der Sonnenterrasse \u2013 und liessen unsere beiden Skitourentage bei einem Pl\u00e4ttchen gem\u00fctlich ausklingen.<\/p>\n\n\n\n<p class=\"wp-block-paragraph\">Danke B\u00e4rnu f\u00fcr die Organisation. <\/p>\n\n\n\n<p class=\"wp-block-paragraph\">Teilnehmer: Yannik, Peter B., B\u00e4rnu, Simon K.<br>Fotos: Yannik, Simon K.<\/p>\n\n\n\nngg_shortcode_0_placeholder\n\n\n\n<p class=\"wp-block-paragraph\"><\/p>\n","protected":false},"excerpt":{"rendered":"<p>Das Skitourenwochenende mit B\u00e4rnu f\u00fchrte uns dieses Jahr nach Ovronnaz. Zu viert machten wir uns am Samstagmorgen auf den Weg und waren gegen 10 Uhr bereits auf dem Skilift, der &#8230; <a title=\"Skitourenwochenende Ovronnaz, 07.\u201308. M\u00e4rz 2026\" class=\"read-more\" href=\"https:\/\/www.bsrz.ch\/website\/2026\/04\/05\/skitourenwochenende-ovronnaz-07-08-maerz-2026\/\" aria-label=\"Mehr Informationen \u00fcber Skitourenwochenende Ovronnaz, 07.\u201308. M\u00e4rz 2026\">Weiterlesen<\/a><\/p>\n","protected":false},"author":4,"featured_media":7936,"comment_status":"closed","ping_status":"closed","sticky":false,"template":"","format":"standard","meta":{"ngg_post_thumbnail":0,"_EventAllDay":false,"_EventTimezone":"","_EventStartDate":"","_EventEndDate":"","_EventStartDateUTC":"","_EventEndDateUTC":"","_EventShowMap":false,"_EventShowMapLink":false,"_EventURL":"","_EventCost":"","_EventCostDescription":"","_EventCurrencySymbol":"","_EventCurrencyCode":"","_EventCurrencyPosition":"","_EventDateTimeSeparator":"","_EventTimeRangeSeparator":"","_EventOrganizerID":[],"_EventVenueID":[],"_OrganizerEmail":"","_OrganizerPhone":"","_OrganizerWebsite":"","_VenueAddress":"","_VenueCity":"","_VenueCountry":"","_VenueProvince":"","_VenueState":"","_VenueZip":"","_VenuePhone":"","_VenueURL":"","_VenueStateProvince":"","_VenueLat":"","_VenueLng":"","_VenueShowMap":false,"_VenueShowMapLink":false,"footnotes":""},"categories":[153],"tags":[96,172,171,169,72,170,173],"class_list":["post-7921","post","type-post","status-publish","format-standard","has-post-thumbnail","hentry","category-berichte-2026","tag-bsr","tag-cabane-rambert","tag-grande-dent-de-morcles","tag-ovronnaz","tag-skitour","tag-skitourenwochenende","tag-tete-noire"],"_links":{"self":[{"href":"https:\/\/www.bsrz.ch\/website\/wp-json\/wp\/v2\/posts\/7921","targetHints":{"allow":["GET"]}}],"collection":[{"href":"https:\/\/www.bsrz.ch\/website\/wp-json\/wp\/v2\/posts"}],"about":[{"href":"https:\/\/www.bsrz.ch\/website\/wp-json\/wp\/v2\/types\/post"}],"author":[{"embeddable":true,"href":"https:\/\/www.bsrz.ch\/website\/wp-json\/wp\/v2\/users\/4"}],"replies":[{"embeddable":true,"href":"https:\/\/www.bsrz.ch\/website\/wp-json\/wp\/v2\/comments?post=7921"}],"version-history":[{"count":4,"href":"https:\/\/www.bsrz.ch\/website\/wp-json\/wp\/v2\/posts\/7921\/revisions"}],"predecessor-version":[{"id":7941,"href":"https:\/\/www.bsrz.ch\/website\/wp-json\/wp\/v2\/posts\/7921\/revisions\/7941"}],"wp:featuredmedia":[{"embeddable":true,"href":"https:\/\/www.bsrz.ch\/website\/wp-json\/wp\/v2\/media\/7936"}],"wp:attachment":[{"href":"https:\/\/www.bsrz.ch\/website\/wp-json\/wp\/v2\/media?parent=7921"}],"wp:term":[{"taxonomy":"category","embeddable":true,"href":"https:\/\/www.bsrz.ch\/website\/wp-json\/wp\/v2\/categories?post=7921"},{"taxonomy":"post_tag","embeddable":true,"href":"https:\/\/www.bsrz.ch\/website\/wp-json\/wp\/v2\/tags?post=7921"}],"curies":[{"name":"wp","href":"https:\/\/api.w.org\/{rel}","templated":true}]}}