{"id":7944,"date":"2026-06-20T16:53:36","date_gmt":"2026-06-20T14:53:36","guid":{"rendered":"https:\/\/www.bsrz.ch\/website\/?p=7944"},"modified":"2026-06-20T16:53:44","modified_gmt":"2026-06-20T14:53:44","slug":"bsr-bergwanderung-20-juni-2026","status":"publish","type":"post","link":"https:\/\/www.bsrz.ch\/website\/2026\/06\/20\/bsr-bergwanderung-20-juni-2026\/","title":{"rendered":"BSR-Bergwanderung &#8211; 20. Juni 2026"},"content":{"rendered":"\n<p class=\"wp-block-paragraph\">Man m\u00fcsste der Gemeinde Plasselb noch mitteilen, dass das Verkehrsschild zum Torryboden nicht ganz korrekt montiert sei. Das f\u00fchrte bei der Anfahrt zu Verwirrung. Trotzdem fanden wir uns an diesem heissen Sommertag um 09:00 beim Torrygraben ausserhalb von Plasselb f\u00fcr die erste BSR-Bergwanderung dieses Jahr ein.<\/p>\n\n\n\n<!--more-->\n\n\n\n<p class=\"wp-block-paragraph\">Das Ziel dieser Wanderung war der K\u00e4senberg, auf franz\u00f6sisch Le Cousimbert. Bereits kurz nach 09:00 morgens war es bereits recht warm, beim Aufstieg waren wir um das leichte L\u00fcftchen deshalb froh. Vorbei an Kuhweiden, \u00fcber Wander- und Alpwege kamen wir schnell voran. Im Schatten musste dann aber bereits bald die erste Trinkpause eingelegt werden.<\/p>\n\n\n\n<p class=\"wp-block-paragraph\">So waren wir dann bereits nach anderthalb Stunden oben auf dem Grat angekommen. Der besonders motivierte Teil der Gruppe stieg direkt auf nach La Berra, w\u00e4hrend sich der andere Teil der Gruppe bereits Richtung K\u00e4senberg und Richtung Buvette aufmachte. Das Wetter war dunstig, trotzdem hatte man von den Gipfeln von La Berra und K\u00e4senberg eine wunderbare Aussicht auf die Freiburger Alpen und sogar einige Berner Gipfel.<\/p>\n\n\n\n<p class=\"wp-block-paragraph\">Bei der Buvette du Gros Cousimbert g\u00f6nnten wir uns ein k\u00fchles Getr\u00e4nk, durch den leichten Wind mussten wir uns im Schatten sogar eine Jacke anziehen! Wenig sp\u00e4ter verliessen wir wieder den Grat, setzten uns dort f\u00fcr eine Sandwichpause in die sch\u00f6ne Blumenwiese und genossen die Aussicht.<\/p>\n\n\n\n<p class=\"wp-block-paragraph\">Auch den Abstieg brachten wir dann schnell hinter uns und wir merkten, dass es immer wie w\u00e4rmer wurde, je mehr wir abstiegen. Nach knapp 4 Stunden erreichten wir wieder den Parkplatz. Merci an Susanne f\u00fcr die F\u00fchrung der Tour.<\/p>\n\n\n\n<p class=\"wp-block-paragraph\">Teilnehmer: Fredy, Heidi, \u00c4ndu, Susanne, Simon K., Esther B., Patrick, Peter, Dalmatiner Taupo<br>Text: Simon K.<br>Fotos: Simon K., Susanne<\/p>\n\n\n\nngg_shortcode_0_placeholder\n","protected":false},"excerpt":{"rendered":"<p>Man m\u00fcsste der Gemeinde Plasselb noch mitteilen, dass das Verkehrsschild zum Torryboden nicht ganz korrekt montiert sei. Das f\u00fchrte bei der Anfahrt zu Verwirrung. Trotzdem fanden wir uns an diesem &#8230; <a title=\"BSR-Bergwanderung &#8211; 20. Juni 2026\" class=\"read-more\" href=\"https:\/\/www.bsrz.ch\/website\/2026\/06\/20\/bsr-bergwanderung-20-juni-2026\/\" aria-label=\"Mehr Informationen \u00fcber BSR-Bergwanderung &#8211; 20. Juni 2026\">Weiterlesen<\/a><\/p>\n","protected":false},"author":7,"featured_media":7957,"comment_status":"closed","ping_status":"closed","sticky":false,"template":"","format":"standard","meta":{"ngg_post_thumbnail":0,"_EventAllDay":false,"_EventTimezone":"","_EventStartDate":"","_EventEndDate":"","_EventStartDateUTC":"","_EventEndDateUTC":"","_EventShowMap":false,"_EventShowMapLink":false,"_EventURL":"","_EventCost":"","_EventCostDescription":"","_EventCurrencySymbol":"","_EventCurrencyCode":"","_EventCurrencyPosition":"","_EventDateTimeSeparator":"","_EventTimeRangeSeparator":"","_EventOrganizerID":[],"_EventVenueID":[],"_OrganizerEmail":"","_OrganizerPhone":"","_OrganizerWebsite":"","_VenueAddress":"","_VenueCity":"","_VenueCountry":"","_VenueProvince":"","_VenueState":"","_VenueZip":"","_VenuePhone":"","_VenueURL":"","_VenueStateProvince":"","_VenueLat":"","_VenueLng":"","_VenueShowMap":false,"_VenueShowMapLink":false,"footnotes":""},"categories":[153],"tags":[124,177,175,174,176,178,80],"class_list":["post-7944","post","type-post","status-publish","format-standard","has-post-thumbnail","hentry","category-berichte-2026","tag-bergwanderung","tag-buvette","tag-cousimbert","tag-kaesenberg","tag-la-berra","tag-plasselb","tag-wanderung"],"_links":{"self":[{"href":"https:\/\/www.bsrz.ch\/website\/wp-json\/wp\/v2\/posts\/7944","targetHints":{"allow":["GET"]}}],"collection":[{"href":"https:\/\/www.bsrz.ch\/website\/wp-json\/wp\/v2\/posts"}],"about":[{"href":"https:\/\/www.bsrz.ch\/website\/wp-json\/wp\/v2\/types\/post"}],"author":[{"embeddable":true,"href":"https:\/\/www.bsrz.ch\/website\/wp-json\/wp\/v2\/users\/7"}],"replies":[{"embeddable":true,"href":"https:\/\/www.bsrz.ch\/website\/wp-json\/wp\/v2\/comments?post=7944"}],"version-history":[{"count":7,"href":"https:\/\/www.bsrz.ch\/website\/wp-json\/wp\/v2\/posts\/7944\/revisions"}],"predecessor-version":[{"id":7955,"href":"https:\/\/www.bsrz.ch\/website\/wp-json\/wp\/v2\/posts\/7944\/revisions\/7955"}],"wp:featuredmedia":[{"embeddable":true,"href":"https:\/\/www.bsrz.ch\/website\/wp-json\/wp\/v2\/media\/7957"}],"wp:attachment":[{"href":"https:\/\/www.bsrz.ch\/website\/wp-json\/wp\/v2\/media?parent=7944"}],"wp:term":[{"taxonomy":"category","embeddable":true,"href":"https:\/\/www.bsrz.ch\/website\/wp-json\/wp\/v2\/categories?post=7944"},{"taxonomy":"post_tag","embeddable":true,"href":"https:\/\/www.bsrz.ch\/website\/wp-json\/wp\/v2\/tags?post=7944"}],"curies":[{"name":"wp","href":"https:\/\/api.w.org\/{rel}","templated":true}]}}