{"id":7978,"date":"2026-08-17T17:37:31","date_gmt":"2026-08-17T15:37:31","guid":{"rendered":"https:\/\/www.bsrz.ch\/website\/?p=7978"},"modified":"2026-08-17T19:15:28","modified_gmt":"2026-08-17T17:15:28","slug":"hoereli-bikeweekend-08-09-august-2026","status":"publish","type":"post","link":"https:\/\/www.bsrz.ch\/website\/2026\/08\/17\/hoereli-bikeweekend-08-09-august-2026\/","title":{"rendered":"H\u00f6reli-Bikeweekend &#8211; 08.-09. August 2026"},"content":{"rendered":"\n<p class=\"wp-block-paragraph\"><strong>Bike-Weekend \u2013 Tourbericht<\/strong><\/p>\n\n\n\n<p class=\"wp-block-paragraph\"><strong>Samstag, 08.August<\/strong><\/p>\n\n\n\n<p class=\"wp-block-paragraph\">Am Morgen trafen sich vier vollmotivierte Biker (Yannik, Cedric, Pesche B und Pesche W) im H\u00f6reli, um gemeinsam ein gem\u00fctliches Bike-Weekend zu verbringen.<\/p>\n\n\n\n<p class=\"wp-block-paragraph\">Wir starteten beim H\u00f6reli in Richtung Tschentbach \u2013 Pochtenkessel. Nach einem kurzen St\u00fcck auf der Hauptstrasse bogen wir rechts ab Richtung Elsigbach. Nach einer kurzen Lagebestimmung fuhren wir auf der alten Adelbodenstrasse bis zur Abzweigung, die uns \u00fcber einen steilen Singletrail zum Ausser Rohrbach f\u00fchrte. Dort \u00fcberquerten wir die Engstligen \u00fcber den Grundst\u00e4g.<\/p>\n\n\n\n<p class=\"wp-block-paragraph\">Von nun an ging es gem\u00fctlich weiter nach Frutigen. Dort f\u00fcllten wir unsere Energiespeicher mit verschiedenen K\u00e4seschnitten und anderen kulinarischen \u00abUnvern\u00fcnftigkeiten\u00bb wieder auf.<\/p>\n\n\n\n<p class=\"wp-block-paragraph\">Nach dem Essen fuhren wir der Engstligen entlang bis zur Abzweigung, die uns nach Frutigen-Ried f\u00fchrte. Danach war Steigung angesagt. Bei bis zu 14 % Steigung, viel Sonne und ordentlich Hitze ging es Richtung Spiessenweg.<\/p>\n\n\n\n<p class=\"wp-block-paragraph\">Auf diesem Teilst\u00fcck durchquerten wir den Zw\u00fcschenb\u00e4chgraben, den Chratzeregrabe,&nbsp; Lintergrabe, Ladholzgrabe und den Sackgrabe, bevor wir wieder das H\u00f6reli erreichten.<\/p>\n\n\n\n<p class=\"wp-block-paragraph\">Technisch hatten es die verschiedenen Gr\u00e4ben ordentlich in sich. Schmale Trails, zahlreiche Wurzeln und Ger\u00f6llpassagen verlangten von jedem von uns volle Konzentration. Doch genau diese anspruchsvollen Abschnitte machten die Tour zu einem abwechslungsreichen und gelungenen Bike-Erlebnis.<\/p>\n\n\n\n<p class=\"wp-block-paragraph\">Am Ende kehrten wir m\u00fcde, aber zufrieden ins H\u00f6reli zur\u00fcck \u2013 vier Biker, viele H\u00f6henmeter und jede Menge sch\u00f6ne Eindr\u00fccke im Gep\u00e4ck.<\/p>\n\n\n\n<p class=\"wp-block-paragraph\">Bei einem gem\u00fctlichen Ap\u00e9ro sowie einem leckeren Abendessen, das uns wie immer von Rahel und Esther zubereitet wurde, liefen die Gespr\u00e4che entspannt, und wir genossen einfach die gemeinsame Zeit.<\/p>\n\n\n\n<p class=\"wp-block-paragraph\"><strong>Sonntag, 09.August<\/strong><\/p>\n\n\n\n<p class=\"wp-block-paragraph\">Nach einem ergiebigen Fr\u00fchst\u00fcck stiess noch Hugo zu unserer Truppe, und so starteten wir unsere Sonntagstour.<\/p>\n\n\n\n<p class=\"wp-block-paragraph\">Zuerst ging es gem\u00fctlich \u00fcber den oberen H\u00f6rnliweg Richtung Taubenfelsen. Danach f\u00fchrte uns die Strecke \u00fcber Sch\u00e4rmtanne dem Allenbach und Gilsbach entlang bis zum B\u00e4rgl\u00e4ger. Von hier aus dauerte es gerade mal eine Kurve, bis wir merkten, dass jemand fehlte.<\/p>\n\n\n\n<p class=\"wp-block-paragraph\">Also machten wir kehrt und siehe da: Unser Pr\u00e4sident winkte nicht mit einer Fahne, sondern mit der Kette. Damit war f\u00fcr ihn die Tour leider beendet, und so machten wir uns zu dritt weiter Richtung B\u00fctschi.<\/p>\n\n\n\n<p class=\"wp-block-paragraph\">Bis dorthin ging es \u00fcber steile 400 H\u00f6henmeter aufw\u00e4rts. Nach einer kurzen Rast war f\u00fcr unseren Lokf\u00fchrer dann endg\u00fcltig Heimat, denn der Weg bestand zum gr\u00f6ssten Teil aus grobem Schotter. Vorbei am Regenboltshore fuhren wir weiter zum Hahnenmoospass.<\/p>\n\n\n\n<p class=\"wp-block-paragraph\">Rasant flitzten wir hinunter zum Geils, wo wir sowohl unseren Bremsen als auch uns selbst eine wohlverdiente Abk\u00fchlung g\u00f6nnten.<\/p>\n\n\n\n<p class=\"wp-block-paragraph\">Der letzte Abschnitt f\u00fchrte uns zur\u00fcck zum H\u00f6reli, wo wir schliesslich unser Ziel erreichten.<\/p>\n\n\n\n<p class=\"wp-block-paragraph\">Besten Dank an alle, die zu diesem erfolgreichen und erlebnisreichen Weekend beigetragen haben!<\/p>\n\n\n\n<p class=\"wp-block-paragraph\">Text: Pesche Weber<\/p>\n\n\n\nngg_shortcode_0_placeholder\n","protected":false},"excerpt":{"rendered":"<p>Bike-Weekend \u2013 Tourbericht Samstag, 08.August Am Morgen trafen sich vier vollmotivierte Biker (Yannik, Cedric, Pesche B und Pesche W) im H\u00f6reli, um gemeinsam ein gem\u00fctliches Bike-Weekend zu verbringen. Wir starteten &#8230; <a title=\"H\u00f6reli-Bikeweekend &#8211; 08.-09. August 2026\" class=\"read-more\" href=\"https:\/\/www.bsrz.ch\/website\/2026\/08\/17\/hoereli-bikeweekend-08-09-august-2026\/\" aria-label=\"Mehr Informationen \u00fcber H\u00f6reli-Bikeweekend &#8211; 08.-09. August 2026\">Weiterlesen<\/a><\/p>\n","protected":false},"author":8,"featured_media":7989,"comment_status":"closed","ping_status":"closed","sticky":false,"template":"","format":"standard","meta":{"ngg_post_thumbnail":0,"_EventAllDay":false,"_EventTimezone":"","_EventStartDate":"","_EventEndDate":"","_EventStartDateUTC":"","_EventEndDateUTC":"","_EventShowMap":false,"_EventShowMapLink":false,"_EventURL":"","_EventCost":"","_EventCostDescription":"","_EventCurrencySymbol":"","_EventCurrencyCode":"","_EventCurrencyPosition":"","_EventDateTimeSeparator":"","_EventTimeRangeSeparator":"","_EventOrganizerID":[],"_EventVenueID":[],"_OrganizerEmail":"","_OrganizerPhone":"","_OrganizerWebsite":"","_VenueAddress":"","_VenueCity":"","_VenueCountry":"","_VenueProvince":"","_VenueState":"","_VenueZip":"","_VenuePhone":"","_VenueURL":"","_VenueStateProvince":"","_VenueLat":"","_VenueLng":"","_VenueShowMap":false,"_VenueShowMapLink":false,"footnotes":""},"categories":[153],"tags":[183,70,184,96,166,74],"class_list":["post-7978","post","type-post","status-publish","format-standard","has-post-thumbnail","hentry","category-berichte-2026","tag-ausser-rohrbach","tag-bike","tag-biketour","tag-bsr","tag-frutigen","tag-hoereli"],"_links":{"self":[{"href":"https:\/\/www.bsrz.ch\/website\/wp-json\/wp\/v2\/posts\/7978","targetHints":{"allow":["GET"]}}],"collection":[{"href":"https:\/\/www.bsrz.ch\/website\/wp-json\/wp\/v2\/posts"}],"about":[{"href":"https:\/\/www.bsrz.ch\/website\/wp-json\/wp\/v2\/types\/post"}],"author":[{"embeddable":true,"href":"https:\/\/www.bsrz.ch\/website\/wp-json\/wp\/v2\/users\/8"}],"replies":[{"embeddable":true,"href":"https:\/\/www.bsrz.ch\/website\/wp-json\/wp\/v2\/comments?post=7978"}],"version-history":[{"count":6,"href":"https:\/\/www.bsrz.ch\/website\/wp-json\/wp\/v2\/posts\/7978\/revisions"}],"predecessor-version":[{"id":7994,"href":"https:\/\/www.bsrz.ch\/website\/wp-json\/wp\/v2\/posts\/7978\/revisions\/7994"}],"wp:featuredmedia":[{"embeddable":true,"href":"https:\/\/www.bsrz.ch\/website\/wp-json\/wp\/v2\/media\/7989"}],"wp:attachment":[{"href":"https:\/\/www.bsrz.ch\/website\/wp-json\/wp\/v2\/media?parent=7978"}],"wp:term":[{"taxonomy":"category","embeddable":true,"href":"https:\/\/www.bsrz.ch\/website\/wp-json\/wp\/v2\/categories?post=7978"},{"taxonomy":"post_tag","embeddable":true,"href":"https:\/\/www.bsrz.ch\/website\/wp-json\/wp\/v2\/tags?post=7978"}],"curies":[{"name":"wp","href":"https:\/\/api.w.org\/{rel}","templated":true}]}}